{"id":496,"date":"2009-03-30T00:34:09","date_gmt":"2009-03-29T23:34:09","guid":{"rendered":"http:\/\/agora.xtec.cat\/ies-jaumebalmes\/general\/preinscripcio-i-matriculacio-2009-2010\/"},"modified":"2009-03-30T00:34:09","modified_gmt":"2009-03-29T23:34:09","slug":"preinscripcio-i-matriculacio-2009-2010","status":"publish","type":"post","link":"https:\/\/agora.xtec.cat\/ies-jaumebalmes\/general\/preinscripcio-i-matriculacio-2009-2010\/","title":{"rendered":"Preinscripci\u00f3 i matriculaci\u00f3 2009-2010"},"content":{"rendered":"<h1><strong>Calendari de presentaci\u00f3 de les sol\u00b7licituds:<\/strong><\/h1>\n<p><a target=\"_blank\" href=\"http:\/\/www.gencat.cat\/preinscripcio\/index.htm\"><img decoding=\"async\" align=\"middle\" src=\"http:\/\/www.gencat.cat\/preinscripcio\/images\/1050x100.jpg\" \/><\/a><\/p>\n<ul>\n<li>\n<h3><a target=\"_blank\" href=\"http:\/\/www.gencat.cat\/preinscripcio\/cat\/secundaria.htm\">Educaci\u00f3 secund\u00e0ria obligat\u00f2ria (12-16 anys)<\/a><strong>: <\/strong><strong>del 23 de mar\u00e7 al 3 d&#8217;abril de 2009<\/strong> <br \/>                 (fins a les 24 h del dia 2 d&#8217;abril si la sol\u00b7licitud s&#8217;envia per Internet)<\/h3>\n<\/li>\n<li>\n<h3><a target=\"_blank\" href=\"http:\/\/www.gencat.cat\/preinscripcio\/cat\/batxillerat.htm\">Batxillerat (16-18 anys)<\/a><strong>:<\/strong><strong> <\/strong><strong>de l&#8217;11 al 22 de maig de 2009<\/strong> <br \/>                 (fins a les 24 h del dia 21 de maig si la sol\u00b7licitud s&#8217;envia per Internet)<\/h3>\n<\/li>\n<li>\n<h3><a target=\"_blank\" href=\"http:\/\/www.gencat.cat\/preinscripcio\/cat\/fpmitja.htm\">Formaci\u00f3 professional de grau mitj\u00e0<\/a><strong>:<\/strong><strong> <\/strong><strong>de l&#8217;11 al 22 de maig de 2009<\/strong> <br \/>   (fins a les 24 h del dia 21 de maig si la sol\u00b7licitud s&#8217;envia per Internet)<\/h3>\n<\/li>\n<li>\n<h3><a target=\"_blank\" href=\"http:\/\/www.gencat.cat\/preinscripcio\/cat\/fpsuperior.htm\">Formaci\u00f3 professional de grau superior<\/a><strong>: <\/strong><strong>del 25 de maig al 5 de juny de 2009<\/strong>. (Fins a les 24 h del dia 4 de juny si la sol\u00b7licitud s&#8217;envia per Internet)<\/h3>\n<\/li>\n<\/ul>\n<h1><strong>J<\/strong><strong>ornades de portes obertes<\/strong><\/h1>\n<h2> <img decoding=\"async\" align=\"middle\" title=\"calendari portes obertes\" alt=\"calendari portes obertes\" src=\"documents\/web\/img\/portesobertes2009.jpg\" \/><\/h2>\n<h2><img decoding=\"async\" align=\"middle\" title=\"calendari portes obertes\" alt=\"calendari portes obertes\" src=\"documents\/web\/img\/portesobertes2009b.jpg\" \/> <\/h2>\n<h2> <strong>ESO:<\/strong> dissabte 28 de febrer a les 11 hores.<\/h2>\n<h2><strong>BATXILLERAT I CICLES FORMATIUS:<\/strong> dissabte 28 de mar\u00e7 a les 11 hores.<\/h2>\n<h2>Us esperem<\/h2>\n<h3>Si voleu saber <a href=\"index.php?module=detic_portal&amp;url=documents\/web\/departaments.htm\">quin estudis s&#8217;imparteixen en el centre<\/a> o us cal m\u00e9s informaci\u00f3 visiteu el bloc <strong>EL CENTRE<\/strong> que teniu a l&#8217;esquerra.<\/h3>\n","protected":false},"excerpt":{"rendered":"<p>Calendari de presentaci\u00f3 de les sol\u00b7licituds:<br \/>\n<a target=\"_blank\" href=\"http:\/\/www.gencat.cat\/preinscripcio\/index.htm\"><\/a><\/p>\n<ul>\n<li>\n<a target=\"_blank\" href=\"http:\/\/www.gencat.cat\/preinscripcio\/cat\/secundaria.htm\">Educaci\u00f3 secund\u00e0ria obligat\u00f2ria (12-16 anys)<\/a>: del 23 de mar\u00e7 al 3 d&#8217;abril de 2009                  (fins a les 24 h&hellip;  <a href=\"https:\/\/agora.xtec.cat\/ies-jaumebalmes\/general\/preinscripcio-i-matriculacio-2009-2010\/\" title=\"Read Preinscripci\u00f3 i matriculaci\u00f3 2009-2010\">Llegeix m\u00e9s\u00bb<\/a><\/p>\n","protected":false},"author":3,"featured_media":0,"comment_status":"open","ping_status":"open","sticky":false,"template":"","format":"standard","meta":{"_bbp_topic_count":0,"_bbp_reply_count":0,"_bbp_total_topic_count":0,"_bbp_total_reply_count":0,"_bbp_voice_count":0,"_bbp_anonymous_reply_count":0,"_bbp_topic_count_hidden":0,"_bbp_reply_count_hidden":0,"_bbp_forum_subforum_count":0,"footnotes":""},"categories":[1],"tags":[97,100],"class_list":["post-496","post","type-post","status-publish","format-standard","hentry","category-general","tag-intraweb","tag-noticies"],"post_mailing_queue_ids":[],"_links":{"self":[{"href":"https:\/\/agora.xtec.cat\/ies-jaumebalmes\/wp-json\/wp\/v2\/posts\/496","targetHints":{"allow":["GET"]}}],"collection":[{"href":"https:\/\/agora.xtec.cat\/ies-jaumebalmes\/wp-json\/wp\/v2\/posts"}],"about":[{"href":"https:\/\/agora.xtec.cat\/ies-jaumebalmes\/wp-json\/wp\/v2\/types\/post"}],"author":[{"embeddable":true,"href":"https:\/\/agora.xtec.cat\/ies-jaumebalmes\/wp-json\/wp\/v2\/users\/3"}],"replies":[{"embeddable":true,"href":"https:\/\/agora.xtec.cat\/ies-jaumebalmes\/wp-json\/wp\/v2\/comments?post=496"}],"version-history":[{"count":0,"href":"https:\/\/agora.xtec.cat\/ies-jaumebalmes\/wp-json\/wp\/v2\/posts\/496\/revisions"}],"wp:attachment":[{"href":"https:\/\/agora.xtec.cat\/ies-jaumebalmes\/wp-json\/wp\/v2\/media?parent=496"}],"wp:term":[{"taxonomy":"category","embeddable":true,"href":"https:\/\/agora.xtec.cat\/ies-jaumebalmes\/wp-json\/wp\/v2\/categories?post=496"},{"taxonomy":"post_tag","embeddable":true,"href":"https:\/\/agora.xtec.cat\/ies-jaumebalmes\/wp-json\/wp\/v2\/tags?post=496"}],"curies":[{"name":"wp","href":"https:\/\/api.w.org\/{rel}","templated":true}]}}