{"id":491,"date":"2008-11-10T19:28:12","date_gmt":"2008-11-10T18:28:12","guid":{"rendered":"http:\/\/agora.xtec.cat\/ies-jaumebalmes\/general\/premi-argo-per-un-treball-de-cfgs-de-3-estudiants-del-centre\/"},"modified":"2008-11-10T19:28:12","modified_gmt":"2008-11-10T18:28:12","slug":"premi-argo-per-un-treball-de-cfgs-de-3-estudiants-del-centre","status":"publish","type":"post","link":"https:\/\/agora.xtec.cat\/ies-jaumebalmes\/general\/premi-argo-per-un-treball-de-cfgs-de-3-estudiants-del-centre\/","title":{"rendered":"Premi ARGO per un treball de CFGS de 3 estudiants del centre"},"content":{"rendered":"<p>Tres estudiants de l&#8217;IES Jaume Balmes (<strong>Francesc Dalmau Fita, Jordi Llad\u00f3s Callejon, Carles Ruiz L\u00f3pez<\/strong>) han aconseguit una <strong>menci\u00f3 honor\u00edfica<\/strong> amb el seu <strong>treball de s\u00edntesis del Cicle Formatiu de Grau Superior Desenvolupament d\u00e2??Aplicacions Inform\u00e0tiques. <\/strong><\/p>\n<p>Felicitats pel seu magn\u00edfic treball:<strong> \u00e2??Reconeixement visual amb c\u00e0mera IP\u00e2?\u009d<\/strong>.<\/p>\n<p>Aquest premi forma part dels <strong><a target=\"_blank\" href=\"http:\/\/www.uab.es\/ice\/argo\/\">V\u00e8 Premis ARGO-2008<\/a> que convoca l&#8217;ICE de la UAB<\/strong>. L&#8217;acte de lliurament del Premi es va fer a l\u00e2??edifici del Rectorat del Campus de la UAB a Bellaterra (Cerdanyola del Vall\u00e8s). <a target=\"_blank\" href=\"http:\/\/antalya.uab.cat\/ice\/argo\/Premi_argo\/ActaCFGS.pdf\">Aqu\u00ed teniu el veredicte del jurat<\/a> i unes fotos de l&#8217;acte del lliurament del premi. <\/p>\n<table border=\"0\">\n<tbody>\n<tr>\n<td><a target=\"_blank\" href=\"documents\/web\/img\/argo2008cfgs2b.jpg\"><img decoding=\"async\" src=\"documents\/web\/img\/argo2008cfgs2b.jpg\" \/><\/a> <\/td>\n<\/tr>\n<tr>\n<td> <a target=\"_blank\" href=\"documents\/web\/img\/argo2008cfgs1a.jpg\"><img decoding=\"async\" src=\"documents\/web\/img\/argo2008cfgs1a.jpg\" \/><\/a><\/td>\n<\/tr>\n<\/tbody>\n<\/table>\n<p> <strong>Felicitats per la feina ben feta!<\/strong><\/p>\n","protected":false},"excerpt":{"rendered":"<p>Tres estudiants de l&#8217;IES Jaume Balmes (Francesc Dalmau Fita, Jordi Llad\u00f3s Callejon, Carles Ruiz L\u00f3pez) han aconseguit una menci\u00f3 honor\u00edfica amb el seu treball de s\u00edntesis del Cicle Formatiu de Grau Superior Desenvolupament d\u00e2??Aplicacions Inform\u00e0tiques.<br \/>\nFelicitats pel seu magn\u00edfic treball: \u00e2??Reconeixement visual amb c\u00e0mera IP\u00e2?\u009d.<br \/>\nAquest&hellip;  <a href=\"https:\/\/agora.xtec.cat\/ies-jaumebalmes\/general\/premi-argo-per-un-treball-de-cfgs-de-3-estudiants-del-centre\/\" title=\"Read Premi ARGO per un treball de CFGS de 3 estudiants del centre\">Llegeix m\u00e9s\u00bb<\/a><\/p>\n","protected":false},"author":3,"featured_media":0,"comment_status":"open","ping_status":"open","sticky":false,"template":"","format":"standard","meta":{"_bbp_topic_count":0,"_bbp_reply_count":0,"_bbp_total_topic_count":0,"_bbp_total_reply_count":0,"_bbp_voice_count":0,"_bbp_anonymous_reply_count":0,"_bbp_topic_count_hidden":0,"_bbp_reply_count_hidden":0,"_bbp_forum_subforum_count":0,"footnotes":""},"categories":[1],"tags":[97,100],"class_list":["post-491","post","type-post","status-publish","format-standard","hentry","category-general","tag-intraweb","tag-noticies"],"post_mailing_queue_ids":[],"_links":{"self":[{"href":"https:\/\/agora.xtec.cat\/ies-jaumebalmes\/wp-json\/wp\/v2\/posts\/491","targetHints":{"allow":["GET"]}}],"collection":[{"href":"https:\/\/agora.xtec.cat\/ies-jaumebalmes\/wp-json\/wp\/v2\/posts"}],"about":[{"href":"https:\/\/agora.xtec.cat\/ies-jaumebalmes\/wp-json\/wp\/v2\/types\/post"}],"author":[{"embeddable":true,"href":"https:\/\/agora.xtec.cat\/ies-jaumebalmes\/wp-json\/wp\/v2\/users\/3"}],"replies":[{"embeddable":true,"href":"https:\/\/agora.xtec.cat\/ies-jaumebalmes\/wp-json\/wp\/v2\/comments?post=491"}],"version-history":[{"count":0,"href":"https:\/\/agora.xtec.cat\/ies-jaumebalmes\/wp-json\/wp\/v2\/posts\/491\/revisions"}],"wp:attachment":[{"href":"https:\/\/agora.xtec.cat\/ies-jaumebalmes\/wp-json\/wp\/v2\/media?parent=491"}],"wp:term":[{"taxonomy":"category","embeddable":true,"href":"https:\/\/agora.xtec.cat\/ies-jaumebalmes\/wp-json\/wp\/v2\/categories?post=491"},{"taxonomy":"post_tag","embeddable":true,"href":"https:\/\/agora.xtec.cat\/ies-jaumebalmes\/wp-json\/wp\/v2\/tags?post=491"}],"curies":[{"name":"wp","href":"https:\/\/api.w.org\/{rel}","templated":true}]}}