{"id":485,"date":"2008-06-13T00:00:00","date_gmt":"2008-06-12T23:00:00","guid":{"rendered":"http:\/\/agora.xtec.cat\/ies-jaumebalmes\/general\/la-revista-de-juny-2008-ja-esta-a-internet\/"},"modified":"2008-06-13T00:00:00","modified_gmt":"2008-06-12T23:00:00","slug":"la-revista-de-juny-2008-ja-esta-a-internet","status":"publish","type":"post","link":"https:\/\/agora.xtec.cat\/ies-jaumebalmes\/general\/la-revista-de-juny-2008-ja-esta-a-internet\/","title":{"rendered":"La revista de juny 2008 ja est\u00e0 a Internet"},"content":{"rendered":"<p><strong>Ja \u00e9s a&nbsp;Internet l&#8217;edici\u00f3 de juny de 2008 de L&#8217;INFORMATIU <\/strong>(la revista de l&#8217;IES Jaume Balmes).<\/p>\n<table width=\"14\" border=\"0\" height=\"41\">\n<tbody>\n<tr>\n<td>\n<p><a href=\"index.php?module=detic_portal&amp;ref=revista\"><img decoding=\"async\" align=\"left\" title=\"Portada de la revista de juny de 2008\" alt=\"Portada de la revista de juny de 2008\" src=\"http:\/\/www.xtec.cat\/ies-jaumebalmes\/revista\/portada200806.jpg\" \/><\/a><\/p>\n<\/td>\n<\/tr>\n<\/tbody>\n<\/table>\n<p><a href=\"index.php?module=detic_portal&amp;ref=revista\"><\/a><\/p>\n<p><strong>Recordeu que:<\/strong><\/p>\n<ul>\n<li><strong>les versions PDF <\/strong><strong>de les revistes<\/strong> del centre s\u00f3n a l&#8217;apartat <strong><a href=\"index.php?module=detic_portal&amp;ref=revista\">EL CENTRE |LA REVISTA <\/a><\/strong>de la part esquerra.<\/li>\n<\/ul>\n","protected":false},"excerpt":{"rendered":"<p>Ja \u00e9s a&nbsp;Internet l&#8217;edici\u00f3 de juny de 2008 de L&#8217;INFORMATIU (la revista de l&#8217;IES Jaume Balmes).<\/p>\n<p><a href=\"index.php?module=detic_portal&amp;ref=revista\"><\/a><\/p>\n<p><a href=\"index.php?module=detic_portal&amp;ref=revista\"><\/a><br \/>\nRecordeu que:<\/p>\n<ul>\n<li>les versions PDF de les revistes del centre s\u00f3n a l&#8217;apartat <a href=\"index.php?module=detic_portal&amp;ref=revista\">EL CENTRE |LA REVISTA <\/a>de la part esquerra.<\/li>\n<\/ul>\n","protected":false},"author":3,"featured_media":0,"comment_status":"open","ping_status":"open","sticky":false,"template":"","format":"standard","meta":{"_bbp_topic_count":0,"_bbp_reply_count":0,"_bbp_total_topic_count":0,"_bbp_total_reply_count":0,"_bbp_voice_count":0,"_bbp_anonymous_reply_count":0,"_bbp_topic_count_hidden":0,"_bbp_reply_count_hidden":0,"_bbp_forum_subforum_count":0,"footnotes":""},"categories":[1],"tags":[97,100],"class_list":["post-485","post","type-post","status-publish","format-standard","hentry","category-general","tag-intraweb","tag-noticies"],"post_mailing_queue_ids":[],"_links":{"self":[{"href":"https:\/\/agora.xtec.cat\/ies-jaumebalmes\/wp-json\/wp\/v2\/posts\/485","targetHints":{"allow":["GET"]}}],"collection":[{"href":"https:\/\/agora.xtec.cat\/ies-jaumebalmes\/wp-json\/wp\/v2\/posts"}],"about":[{"href":"https:\/\/agora.xtec.cat\/ies-jaumebalmes\/wp-json\/wp\/v2\/types\/post"}],"author":[{"embeddable":true,"href":"https:\/\/agora.xtec.cat\/ies-jaumebalmes\/wp-json\/wp\/v2\/users\/3"}],"replies":[{"embeddable":true,"href":"https:\/\/agora.xtec.cat\/ies-jaumebalmes\/wp-json\/wp\/v2\/comments?post=485"}],"version-history":[{"count":0,"href":"https:\/\/agora.xtec.cat\/ies-jaumebalmes\/wp-json\/wp\/v2\/posts\/485\/revisions"}],"wp:attachment":[{"href":"https:\/\/agora.xtec.cat\/ies-jaumebalmes\/wp-json\/wp\/v2\/media?parent=485"}],"wp:term":[{"taxonomy":"category","embeddable":true,"href":"https:\/\/agora.xtec.cat\/ies-jaumebalmes\/wp-json\/wp\/v2\/categories?post=485"},{"taxonomy":"post_tag","embeddable":true,"href":"https:\/\/agora.xtec.cat\/ies-jaumebalmes\/wp-json\/wp\/v2\/tags?post=485"}],"curies":[{"name":"wp","href":"https:\/\/api.w.org\/{rel}","templated":true}]}}