{"id":471,"date":"2008-03-06T20:56:45","date_gmt":"2008-03-06T19:56:45","guid":{"rendered":"http:\/\/agora.xtec.cat\/ies-jaumebalmes\/general\/preinscripcio-i-matriculacio-2008-2009\/"},"modified":"2008-03-06T20:56:45","modified_gmt":"2008-03-06T19:56:45","slug":"preinscripcio-i-matriculacio-2008-2009","status":"publish","type":"post","link":"https:\/\/agora.xtec.cat\/ies-jaumebalmes\/general\/preinscripcio-i-matriculacio-2008-2009\/","title":{"rendered":"Preinscripci\u00f3 i matriculaci\u00f3 2008-2009"},"content":{"rendered":"<p><a target=\"_blank\" href=\"http:\/\/www.gencat.cat\/preinscripcio\/cat\/index.htm\"><img decoding=\"async\" align=\"middle\" src=\"http:\/\/www.gencat.cat\/preinscripcio\/images\/banner1050x100_a.jpg\" \/><\/a><\/p>\n<h1><strong>Calendari de presentaci\u00f3 de les sol\u00b7licituds:<\/strong><\/h1>\n<ul>\n<li>\n<h3><a target=\"_blank\" href=\"http:\/\/www.gencat.cat\/preinscripcio\/cat\/secundaria.htm\">Educaci\u00f3 secund\u00e0ria obligat\u00f2ria (12-16 anys)<\/a><strong>: del 25 de mar\u00e7 al 4 d&#8217;abril de 2008.<\/strong><\/h3>\n<\/li>\n<li>\n<h3><a target=\"_blank\" href=\"http:\/\/www.gencat.cat\/preinscripcio\/cat\/batxillerat.htm\">Batxillerat (16-18 anys)<\/a><strong>:<\/strong><strong> del 13 al 23 de maig de 2008<\/strong><\/h3>\n<\/li>\n<li>\n<h3><a target=\"_blank\" href=\"http:\/\/www.gencat.cat\/preinscripcio\/cat\/fp_mitja.htm\">Formaci\u00f3 professional de grau mitj\u00e0<\/a><strong>:<\/strong><strong> del 13 al 23 de maig de 2008<\/strong><\/h3>\n<\/li>\n<li>\n<h3><a target=\"_blank\" href=\"http:\/\/www.gencat.cat\/preinscripcio\/cat\/fp_superior.htm\">Formaci\u00f3 professional de grau superior<\/a><strong>: del 26 de maig al 6 de juny de 2008<\/strong><\/h3>\n<\/li>\n<\/ul>\n<h4>M\u00e9s informaci\u00f3 sobre les portes obertes i els estudis que fem al centre en not\u00edcies anteriors. <\/h4>\n<h1><strong>J<\/strong><strong>ornades de portes obertes<\/strong><\/h1>\n<h2> <img decoding=\"async\" align=\"middle\" title=\"calendari portes obertes\" alt=\"calendari portes obertes\" src=\"documents\/web\/img\/portesobertes2008.jpg\" \/><\/h2>\n<h2><img decoding=\"async\" align=\"middle\" title=\"calendari portes obertes\" alt=\"calendari portes obertes\" src=\"documents\/web\/img\/portesobertes2008b.jpg\" \/> <\/h2>\n<h2> <strong>ESO:<\/strong> dissabte 1 de mar\u00e7 a les 11 hores.<\/h2>\n<h2><strong>BATXILLERAT I CICLES FORMATIUS:<\/strong> dissabte 26 d&#8217;abril a les 11 hores.<\/h2>\n<h2>Us esperem<\/h2>\n<h3>Si voleu saber <a href=\"index.php?module=detic_portal&amp;url=documents\/web\/departaments.htm\">quin estudis s&#8217;imparteixen en el centre<\/a> o us cal m\u00e9s informaci\u00f3 visiteu el bloc <strong>EL CENTRE<\/strong> que teniu a l&#8217;esquerra.<\/h3>\n","protected":false},"excerpt":{"rendered":"<p><a target=\"_blank\" href=\"http:\/\/www.gencat.cat\/preinscripcio\/cat\/index.htm\"><\/a><br \/>\nCalendari de presentaci\u00f3 de les sol\u00b7licituds:<\/p>\n<ul>\n<li>\n<a target=\"_blank\" href=\"http:\/\/www.gencat.cat\/preinscripcio\/cat\/secundaria.htm\">Educaci\u00f3 secund\u00e0ria obligat\u00f2ria (12-16 anys)<\/a>: del 25 de mar\u00e7 al 4 d&#8217;abril de 2008.\n<\/li>\n<li>\n<a target=\"_blank\" href=\"http:\/\/www.gencat.cat\/preinscripcio\/cat\/batxillerat.htm\">Batxillerat (16-18 anys)<\/a>: del 13 al 23 de maig de 2008\n<\/li>\n<li>\n<a target=\"_blank\" href=\"http:\/\/www.gencat.cat\/preinscripcio\/cat\/fp_mitja.htm\">Formaci\u00f3 professional de grau mitj\u00e0<\/a>: del 13 al 23&hellip;  <a href=\"https:\/\/agora.xtec.cat\/ies-jaumebalmes\/general\/preinscripcio-i-matriculacio-2008-2009\/\" title=\"Read Preinscripci\u00f3 i matriculaci\u00f3 2008-2009\">Llegeix m\u00e9s\u00bb<\/a><\/p>\n","protected":false},"author":3,"featured_media":0,"comment_status":"open","ping_status":"open","sticky":false,"template":"","format":"standard","meta":{"_bbp_topic_count":0,"_bbp_reply_count":0,"_bbp_total_topic_count":0,"_bbp_total_reply_count":0,"_bbp_voice_count":0,"_bbp_anonymous_reply_count":0,"_bbp_topic_count_hidden":0,"_bbp_reply_count_hidden":0,"_bbp_forum_subforum_count":0,"footnotes":""},"categories":[1],"tags":[97,100],"class_list":["post-471","post","type-post","status-publish","format-standard","hentry","category-general","tag-intraweb","tag-noticies"],"post_mailing_queue_ids":[],"_links":{"self":[{"href":"https:\/\/agora.xtec.cat\/ies-jaumebalmes\/wp-json\/wp\/v2\/posts\/471","targetHints":{"allow":["GET"]}}],"collection":[{"href":"https:\/\/agora.xtec.cat\/ies-jaumebalmes\/wp-json\/wp\/v2\/posts"}],"about":[{"href":"https:\/\/agora.xtec.cat\/ies-jaumebalmes\/wp-json\/wp\/v2\/types\/post"}],"author":[{"embeddable":true,"href":"https:\/\/agora.xtec.cat\/ies-jaumebalmes\/wp-json\/wp\/v2\/users\/3"}],"replies":[{"embeddable":true,"href":"https:\/\/agora.xtec.cat\/ies-jaumebalmes\/wp-json\/wp\/v2\/comments?post=471"}],"version-history":[{"count":0,"href":"https:\/\/agora.xtec.cat\/ies-jaumebalmes\/wp-json\/wp\/v2\/posts\/471\/revisions"}],"wp:attachment":[{"href":"https:\/\/agora.xtec.cat\/ies-jaumebalmes\/wp-json\/wp\/v2\/media?parent=471"}],"wp:term":[{"taxonomy":"category","embeddable":true,"href":"https:\/\/agora.xtec.cat\/ies-jaumebalmes\/wp-json\/wp\/v2\/categories?post=471"},{"taxonomy":"post_tag","embeddable":true,"href":"https:\/\/agora.xtec.cat\/ies-jaumebalmes\/wp-json\/wp\/v2\/tags?post=471"}],"curies":[{"name":"wp","href":"https:\/\/api.w.org\/{rel}","templated":true}]}}