{"id":469,"date":"2008-02-25T15:41:41","date_gmt":"2008-02-25T14:41:41","guid":{"rendered":"http:\/\/agora.xtec.cat\/ies-jaumebalmes\/general\/prematricula-a-les-pau-2008\/"},"modified":"2008-02-25T15:41:41","modified_gmt":"2008-02-25T14:41:41","slug":"prematricula-a-les-pau-2008","status":"publish","type":"post","link":"https:\/\/agora.xtec.cat\/ies-jaumebalmes\/general\/prematricula-a-les-pau-2008\/","title":{"rendered":"Prematr\u00edcula a les PAU 2008"},"content":{"rendered":"<p>Termini de prematr\u00edcula a les PAU 2008: <strong>del 25 de febrer al 5 de mar\u00e7<\/strong>.<\/p>\n<p>L&#8217;alumnat de 2n de batxillerat pot consultar la&nbsp;Guia de la Prematr\u00edcula a les PAU 2008. La teniu en el <strong>bloc MEN\u00c3?<\/strong> de l&#8217;esquerra secci\u00f3 <strong>DOCUMENTS| DOCUMENTS P\u00c3?BLICS | BATXILLERAT.<\/strong><\/p>\n","protected":false},"excerpt":{"rendered":"<p>Termini de prematr\u00edcula a les PAU 2008: del 25 de febrer al 5 de mar\u00e7.<br \/>\nL&#8217;alumnat de 2n de batxillerat pot consultar la&nbsp;Guia de la Prematr\u00edcula a les PAU 2008. La teniu en el bloc MEN\u00c3? de l&#8217;esquerra secci\u00f3 DOCUMENTS| DOCUMENTS P\u00c3?BLICS | BATXILLERAT.<\/p>\n","protected":false},"author":1,"featured_media":0,"comment_status":"open","ping_status":"open","sticky":false,"template":"","format":"standard","meta":{"_bbp_topic_count":0,"_bbp_reply_count":0,"_bbp_total_topic_count":0,"_bbp_total_reply_count":0,"_bbp_voice_count":0,"_bbp_anonymous_reply_count":0,"_bbp_topic_count_hidden":0,"_bbp_reply_count_hidden":0,"_bbp_forum_subforum_count":0,"footnotes":""},"categories":[1],"tags":[97,100],"class_list":["post-469","post","type-post","status-publish","format-standard","hentry","category-general","tag-intraweb","tag-noticies"],"post_mailing_queue_ids":[],"_links":{"self":[{"href":"https:\/\/agora.xtec.cat\/ies-jaumebalmes\/wp-json\/wp\/v2\/posts\/469","targetHints":{"allow":["GET"]}}],"collection":[{"href":"https:\/\/agora.xtec.cat\/ies-jaumebalmes\/wp-json\/wp\/v2\/posts"}],"about":[{"href":"https:\/\/agora.xtec.cat\/ies-jaumebalmes\/wp-json\/wp\/v2\/types\/post"}],"author":[{"embeddable":true,"href":"https:\/\/agora.xtec.cat\/ies-jaumebalmes\/wp-json\/wp\/v2\/users\/1"}],"replies":[{"embeddable":true,"href":"https:\/\/agora.xtec.cat\/ies-jaumebalmes\/wp-json\/wp\/v2\/comments?post=469"}],"version-history":[{"count":0,"href":"https:\/\/agora.xtec.cat\/ies-jaumebalmes\/wp-json\/wp\/v2\/posts\/469\/revisions"}],"wp:attachment":[{"href":"https:\/\/agora.xtec.cat\/ies-jaumebalmes\/wp-json\/wp\/v2\/media?parent=469"}],"wp:term":[{"taxonomy":"category","embeddable":true,"href":"https:\/\/agora.xtec.cat\/ies-jaumebalmes\/wp-json\/wp\/v2\/categories?post=469"},{"taxonomy":"post_tag","embeddable":true,"href":"https:\/\/agora.xtec.cat\/ies-jaumebalmes\/wp-json\/wp\/v2\/tags?post=469"}],"curies":[{"name":"wp","href":"https:\/\/api.w.org\/{rel}","templated":true}]}}