{"id":463,"date":"2008-01-31T23:38:32","date_gmt":"2008-01-31T22:38:32","guid":{"rendered":"http:\/\/agora.xtec.cat\/ies-jaumebalmes\/general\/concurs-fotografia-matematica-2008\/"},"modified":"2008-01-31T23:38:32","modified_gmt":"2008-01-31T22:38:32","slug":"concurs-fotografia-matematica-2008","status":"publish","type":"post","link":"https:\/\/agora.xtec.cat\/ies-jaumebalmes\/general\/concurs-fotografia-matematica-2008\/","title":{"rendered":"Concurs fotografia matem\u00e0tica 2008"},"content":{"rendered":"<p><img loading=\"lazy\" decoding=\"async\" width=\"100\" height=\"79\" src=\"http:\/\/www.xtec.cat\/~jporta\/Fotografia\/Camara%201.gif\" \/>Els anys 2006 i 2007 l&#8217;Institut ha participat en el concurs de Fotografia Matem\u00e0tica de l&#8217;ABEAM. Al Web del <a target=\"_blank\" href=\"http:\/\/www.xtec.cat\/~jporta\/\">Departament de Matem\u00e0tiques<\/a> trobareu les fotos d&#8217;altres anys i m\u00e9s informaci\u00f3. Una visita obligada!!! <\/p>\n<p> Enguany tornem a participar. Animeu-vos a participar-hi, feixeu-vos que \u00e9s molt f\u00e0cil, feu un clic a la c\u00e0mera i ja est\u00e0. Podeu consultar les <a target=\"_blank\" href=\"http:\/\/www.xtec.cat\/%7Ejporta\/Fotografia\/Bases.pdf\"> bases de concurs<\/a>. <\/p>\n<p>Hi pot participar tot l\u00e2??alumnat i professorat del centre, cada participant ho pot fer amb una o m\u00e9s fotografies.<br \/>Hi ha quatre nivells de participaci\u00f3:<\/p>\n<ul>\n<li>i) Nivell ESO 1r cicle<\/li>\n<li>ii) Nivell ESO 2n cicle<\/li>\n<li>iii) Nivell Batxillerat i cicles formatius<\/li>\n<li>iv) Nivell Professorat<\/li>\n<\/ul>\n<p><strong>Esperem les vostres fotos fins el 16 d\u00e2??abril del 2008<\/strong>. <\/p>\n<p>Organitza: Departament de Matem\u00e0tiques<br \/>Patrocina: Associaci\u00f3 de Mares i Pares d\u00e2??Alumnes<br \/>Gener de 2008 <\/p>\n","protected":false},"excerpt":{"rendered":"<p>Els anys 2006 i 2007 l&#8217;Institut ha participat en el concurs de Fotografia Matem\u00e0tica de l&#8217;ABEAM. Al Web del <a target=\"_blank\" href=\"http:\/\/www.xtec.cat\/~jporta\/\">Departament de Matem\u00e0tiques<\/a> trobareu les fotos d&#8217;altres anys i m\u00e9s informaci\u00f3. Una visita obligada!!!<br \/>\n Enguany tornem a participar. Animeu-vos a participar-hi, feixeu-vos que&hellip;  <a href=\"https:\/\/agora.xtec.cat\/ies-jaumebalmes\/general\/concurs-fotografia-matematica-2008\/\" title=\"Read Concurs fotografia matem\u00e0tica 2008\">Llegeix m\u00e9s\u00bb<\/a><\/p>\n","protected":false},"author":3,"featured_media":0,"comment_status":"open","ping_status":"open","sticky":false,"template":"","format":"standard","meta":{"_bbp_topic_count":0,"_bbp_reply_count":0,"_bbp_total_topic_count":0,"_bbp_total_reply_count":0,"_bbp_voice_count":0,"_bbp_anonymous_reply_count":0,"_bbp_topic_count_hidden":0,"_bbp_reply_count_hidden":0,"_bbp_forum_subforum_count":0,"footnotes":""},"categories":[1],"tags":[97,100],"class_list":["post-463","post","type-post","status-publish","format-standard","hentry","category-general","tag-intraweb","tag-noticies"],"post_mailing_queue_ids":[],"_links":{"self":[{"href":"https:\/\/agora.xtec.cat\/ies-jaumebalmes\/wp-json\/wp\/v2\/posts\/463","targetHints":{"allow":["GET"]}}],"collection":[{"href":"https:\/\/agora.xtec.cat\/ies-jaumebalmes\/wp-json\/wp\/v2\/posts"}],"about":[{"href":"https:\/\/agora.xtec.cat\/ies-jaumebalmes\/wp-json\/wp\/v2\/types\/post"}],"author":[{"embeddable":true,"href":"https:\/\/agora.xtec.cat\/ies-jaumebalmes\/wp-json\/wp\/v2\/users\/3"}],"replies":[{"embeddable":true,"href":"https:\/\/agora.xtec.cat\/ies-jaumebalmes\/wp-json\/wp\/v2\/comments?post=463"}],"version-history":[{"count":0,"href":"https:\/\/agora.xtec.cat\/ies-jaumebalmes\/wp-json\/wp\/v2\/posts\/463\/revisions"}],"wp:attachment":[{"href":"https:\/\/agora.xtec.cat\/ies-jaumebalmes\/wp-json\/wp\/v2\/media?parent=463"}],"wp:term":[{"taxonomy":"category","embeddable":true,"href":"https:\/\/agora.xtec.cat\/ies-jaumebalmes\/wp-json\/wp\/v2\/categories?post=463"},{"taxonomy":"post_tag","embeddable":true,"href":"https:\/\/agora.xtec.cat\/ies-jaumebalmes\/wp-json\/wp\/v2\/tags?post=463"}],"curies":[{"name":"wp","href":"https:\/\/api.w.org\/{rel}","templated":true}]}}