{"id":456,"date":"2007-10-04T19:08:54","date_gmt":"2007-10-04T18:08:54","guid":{"rendered":"http:\/\/agora.xtec.cat\/ies-jaumebalmes\/general\/un-grup-dalumnes-deso-participa-en-el-12e-concurs-de-webs-de-ciencia\/"},"modified":"2007-10-04T19:08:54","modified_gmt":"2007-10-04T18:08:54","slug":"un-grup-dalumnes-deso-participa-en-el-12e-concurs-de-webs-de-ciencia","status":"publish","type":"post","link":"https:\/\/agora.xtec.cat\/ies-jaumebalmes\/general\/un-grup-dalumnes-deso-participa-en-el-12e-concurs-de-webs-de-ciencia\/","title":{"rendered":"Un grup d&#8217;alumnes d&#8217;ESO participa en el 12\u00e8 concurs de Webs de ci\u00e8ncia"},"content":{"rendered":"<h1><a target=\"_blank\" href=\"http:\/\/www.xtec.cat\/escola\/web_cien\/12edicio\/treballs.htm\"><img loading=\"lazy\" decoding=\"async\" width=\"371\" align=\"middle\" height=\"180\" title=\"Logo 12\u00e8 Concurs de WEBS de CI\u00c3?NCIA\" alt=\"Logo 12\u00e8 Concurs de WEBS de CI\u00c3?NCIA\" src=\"http:\/\/www.xtec.cat\/escola\/web_cien\/12edicio\/imatges\/wc07_12_blanc12_02.jpg\" \/><\/a><\/h1>\n<p>Un grup de 17 alumnes d&#8217;ESO presenten la feina que van fer el curs passat durant un cr\u00e8dit variable de matem\u00e0tiques al <a target=\"_blank\" href=\"http:\/\/www.xtec.cat\/escola\/web_cien\/12edicio\/treballs.htm\">12\u00e8 concurs de Webs de ci\u00e8ncia<\/a>. <\/p>\n<p>Concurs de p\u00e0gines web de tem\u00e0tica cient\u00edfica convocat pel <a target=\"_blank\" href=\"http:\/\/www.gencat.net\/educacio\">Departament d&#8217;Educaci\u00f3<\/a> i la <a target=\"_blank\" href=\"http:\/\/www.fcri.es\/\">Fundaci\u00f3 Catalana per a la Recerca i la Innovaci\u00f3 (FCRI)<\/a>, en el marc de la celebraci\u00f3 de la <a target=\"_blank\" href=\"http:\/\/www.setmanaciencia.org\/\">Setmana de la Ci\u00e8ncia<\/a>. <\/p>\n<p>Gaudiu de la seva feina:<\/p>\n<h1><a target=\"_blank\" href=\"http:\/\/www.xtec.cat\/ies-jaumebalmes\/geo2007\/\">Geometria amb GeoGebra<\/a><br \/> <a target=\"_blank\" href=\"http:\/\/www.xtec.cat\/ies-jaumebalmes\/geo2007\/\"> <img loading=\"lazy\" decoding=\"async\" width=\"400\" align=\"middle\" height=\"300\" title=\"Foto del grup\" alt=\"Foto del grup\" src=\"http:\/\/www.xtec.cat\/ies-jaumebalmes\/geo2007\/fotos\/tots_mini.jpg\" \/> <\/a><\/h1>\n<h2>14\/11\/2007 ja es poden veure <a target=\"_blank\" href=\"http:\/\/www.xtec.cat\/escola\/web_cien\/12edicio\/treballs.htm\">tots els treballs seleccionats i el veredicte del jurat<\/a>.<\/h2>\n<h2>Des del 30\/11\/2007 fins el 14\/12\/2007 el treball ha estat anunciat a la portada de la <a target=\"_blank\" href=\"http:\/\/www.xtec.cat\">XTEC (Xarxa Telem\u00e0tica Educativa de Catalunya)<\/a><\/h2>\n<h2><a target=\"_blank\" href=\"http:\/\/www.xtec.cat\/ies-jaumebalmes\/geo2007\"><img loading=\"lazy\" decoding=\"async\" width=\"608\" height=\"576\" title=\"Imatge de la portada de la XTEC\" alt=\"Imatge de la portada de la XTEC\" src=\"http:\/\/www.xtec.cat\/ies-jaumebalmes\/geo2007\/xtecportada301107b.jpg\" \/><\/a> <\/h2>\n<h2>Tamb\u00e9 apareix a l&#8217;edici\u00f3 de desembre de 2007 del ButlleTIC de la XTEC. Butllet\u00ed que s&#8217;envia per correu electr\u00f2nic a tots els usuaris de la XTEC.<\/h2>\n<h2> <a target=\"_blank\" href=\"\/butlletic\/?m=200712&amp;paged=3\"><img decoding=\"async\" title=\"ButlleTIC (les not\u00edcies TIC de la XTEC)\" alt=\"ButlleTIC (les not\u00edcies TIC de la XTEC)\" src=\"http:\/\/www.xtec.cat\/imatges\/butlleticb.jpg\" \/><\/a><\/h2>\n<h2><a target=\"_blank\" href=\"\/butlletic\/?p=711\">La not\u00edcia ha quedat classificada dins <strong>General<\/strong>  i <strong>Matem\u00e0tiques<\/strong><\/a>.<\/h2>\n<h2>&nbsp;Tamb\u00e9 ens anuncien a <strong><a target=\"_blank\" href=\"http:\/\/www.xtec.cat\/recursos\/mates\/geometria.htm\">XTEC | Escola oberta | Matem\u00e0tiques | Geometria<\/a><\/strong><\/h2>\n<h2><a target=\"_blank\" href=\"http:\/\/www.xtec.cat\/recursos\/mates\/geometria.htm\"><img decoding=\"async\" src=\"http:\/\/www.xtec.cat\/ies-jaumebalmes\/geo2007\/XtecEscolaObertaMatesGeometria.jpg\" \/><\/a> <br \/><\/h2><\/p>\n","protected":false},"excerpt":{"rendered":"<p><a target=\"_blank\" href=\"http:\/\/www.xtec.cat\/escola\/web_cien\/12edicio\/treballs.htm\"><\/a><br \/>\nUn grup de 17 alumnes d&#8217;ESO presenten la feina que van fer el curs passat durant un cr\u00e8dit variable de matem\u00e0tiques al <a target=\"_blank\" href=\"http:\/\/www.xtec.cat\/escola\/web_cien\/12edicio\/treballs.htm\">12\u00e8 concurs de Webs de ci\u00e8ncia<\/a>.<br \/>\nConcurs de p\u00e0gines web de tem\u00e0tica cient\u00edfica convocat pel <a target=\"_blank\" href=\"http:\/\/www.gencat.net\/educacio\">Departament d&#8217;Educaci\u00f3<\/a>&hellip;  <a href=\"https:\/\/agora.xtec.cat\/ies-jaumebalmes\/general\/un-grup-dalumnes-deso-participa-en-el-12e-concurs-de-webs-de-ciencia\/\" title=\"Read Un grup d&#8217;alumnes d&#8217;ESO participa en el 12\u00e8 concurs de Webs de ci\u00e8ncia\">Llegeix m\u00e9s\u00bb<\/a><\/p>\n","protected":false},"author":3,"featured_media":0,"comment_status":"open","ping_status":"open","sticky":false,"template":"","format":"standard","meta":{"_bbp_topic_count":0,"_bbp_reply_count":0,"_bbp_total_topic_count":0,"_bbp_total_reply_count":0,"_bbp_voice_count":0,"_bbp_anonymous_reply_count":0,"_bbp_topic_count_hidden":0,"_bbp_reply_count_hidden":0,"_bbp_forum_subforum_count":0,"footnotes":""},"categories":[1],"tags":[97,100],"class_list":["post-456","post","type-post","status-publish","format-standard","hentry","category-general","tag-intraweb","tag-noticies"],"post_mailing_queue_ids":[],"_links":{"self":[{"href":"https:\/\/agora.xtec.cat\/ies-jaumebalmes\/wp-json\/wp\/v2\/posts\/456","targetHints":{"allow":["GET"]}}],"collection":[{"href":"https:\/\/agora.xtec.cat\/ies-jaumebalmes\/wp-json\/wp\/v2\/posts"}],"about":[{"href":"https:\/\/agora.xtec.cat\/ies-jaumebalmes\/wp-json\/wp\/v2\/types\/post"}],"author":[{"embeddable":true,"href":"https:\/\/agora.xtec.cat\/ies-jaumebalmes\/wp-json\/wp\/v2\/users\/3"}],"replies":[{"embeddable":true,"href":"https:\/\/agora.xtec.cat\/ies-jaumebalmes\/wp-json\/wp\/v2\/comments?post=456"}],"version-history":[{"count":0,"href":"https:\/\/agora.xtec.cat\/ies-jaumebalmes\/wp-json\/wp\/v2\/posts\/456\/revisions"}],"wp:attachment":[{"href":"https:\/\/agora.xtec.cat\/ies-jaumebalmes\/wp-json\/wp\/v2\/media?parent=456"}],"wp:term":[{"taxonomy":"category","embeddable":true,"href":"https:\/\/agora.xtec.cat\/ies-jaumebalmes\/wp-json\/wp\/v2\/categories?post=456"},{"taxonomy":"post_tag","embeddable":true,"href":"https:\/\/agora.xtec.cat\/ies-jaumebalmes\/wp-json\/wp\/v2\/tags?post=456"}],"curies":[{"name":"wp","href":"https:\/\/api.w.org\/{rel}","templated":true}]}}