{"id":455,"date":"2007-09-06T15:35:24","date_gmt":"2007-09-06T14:35:24","guid":{"rendered":"http:\/\/agora.xtec.cat\/ies-jaumebalmes\/general\/mou-te-amb-el-planeta-exposicio\/"},"modified":"2007-09-06T15:35:24","modified_gmt":"2007-09-06T14:35:24","slug":"mou-te-amb-el-planeta-exposicio","status":"publish","type":"post","link":"https:\/\/agora.xtec.cat\/ies-jaumebalmes\/general\/mou-te-amb-el-planeta-exposicio\/","title":{"rendered":"Mou-te amb el planeta! (Exposici\u00f3)"},"content":{"rendered":"<h1>Mou-te amb el planeta!<\/h1>\n<p>Quan decidim el mitj\u00e0 de transport que fem servir estem influint en la qualitat ambiental dels nostres pobles i ciutats. Si cadasc\u00fa de nosaltres t\u00e9 una petita part de responsabilitat en el problema, per qu\u00e8 no actuem tamb\u00e9 per avan\u00e7ar en la seva soluci\u00f3?<\/p>\n<p>La suma de petites accions individuals d\u00f3na grans resultats col\u00b7lectius. <strong>Mouguem-nos amb el planeta!<\/strong> <\/p>\n<h2>Exposici\u00f3 a l&#8217;IES Jaume Balmes<\/h2>\n<h2>Del 25 al 28 de setembre (setmana de la sostenibilitat) <\/h2>\n","protected":false},"excerpt":{"rendered":"<p>Mou-te amb el planeta!<br \/>\nQuan decidim el mitj\u00e0 de transport que fem servir estem influint en la qualitat ambiental dels nostres pobles i ciutats. Si cadasc\u00fa de nosaltres t\u00e9 una petita part de responsabilitat en el problema, per qu\u00e8 no actuem tamb\u00e9 per avan\u00e7ar en la&hellip;  <a href=\"https:\/\/agora.xtec.cat\/ies-jaumebalmes\/general\/mou-te-amb-el-planeta-exposicio\/\" title=\"Read Mou-te amb el planeta! (Exposici\u00f3)\">Llegeix m\u00e9s\u00bb<\/a><\/p>\n","protected":false},"author":3,"featured_media":0,"comment_status":"open","ping_status":"open","sticky":false,"template":"","format":"standard","meta":{"_bbp_topic_count":0,"_bbp_reply_count":0,"_bbp_total_topic_count":0,"_bbp_total_reply_count":0,"_bbp_voice_count":0,"_bbp_anonymous_reply_count":0,"_bbp_topic_count_hidden":0,"_bbp_reply_count_hidden":0,"_bbp_forum_subforum_count":0,"footnotes":""},"categories":[1],"tags":[97,100],"class_list":["post-455","post","type-post","status-publish","format-standard","hentry","category-general","tag-intraweb","tag-noticies"],"post_mailing_queue_ids":[],"_links":{"self":[{"href":"https:\/\/agora.xtec.cat\/ies-jaumebalmes\/wp-json\/wp\/v2\/posts\/455","targetHints":{"allow":["GET"]}}],"collection":[{"href":"https:\/\/agora.xtec.cat\/ies-jaumebalmes\/wp-json\/wp\/v2\/posts"}],"about":[{"href":"https:\/\/agora.xtec.cat\/ies-jaumebalmes\/wp-json\/wp\/v2\/types\/post"}],"author":[{"embeddable":true,"href":"https:\/\/agora.xtec.cat\/ies-jaumebalmes\/wp-json\/wp\/v2\/users\/3"}],"replies":[{"embeddable":true,"href":"https:\/\/agora.xtec.cat\/ies-jaumebalmes\/wp-json\/wp\/v2\/comments?post=455"}],"version-history":[{"count":0,"href":"https:\/\/agora.xtec.cat\/ies-jaumebalmes\/wp-json\/wp\/v2\/posts\/455\/revisions"}],"wp:attachment":[{"href":"https:\/\/agora.xtec.cat\/ies-jaumebalmes\/wp-json\/wp\/v2\/media?parent=455"}],"wp:term":[{"taxonomy":"category","embeddable":true,"href":"https:\/\/agora.xtec.cat\/ies-jaumebalmes\/wp-json\/wp\/v2\/categories?post=455"},{"taxonomy":"post_tag","embeddable":true,"href":"https:\/\/agora.xtec.cat\/ies-jaumebalmes\/wp-json\/wp\/v2\/tags?post=455"}],"curies":[{"name":"wp","href":"https:\/\/api.w.org\/{rel}","templated":true}]}}