{"id":451,"date":"2006-12-13T23:04:37","date_gmt":"2006-12-13T22:04:37","guid":{"rendered":"http:\/\/agora.xtec.cat\/ies-jaumebalmes\/general\/la-intranet-no-tanca-per-vacances\/"},"modified":"2006-12-13T23:04:37","modified_gmt":"2006-12-13T22:04:37","slug":"la-intranet-no-tanca-per-vacances","status":"publish","type":"post","link":"https:\/\/agora.xtec.cat\/ies-jaumebalmes\/general\/la-intranet-no-tanca-per-vacances\/","title":{"rendered":"La intranet no tanca per vacances"},"content":{"rendered":"<p><strong>El centre f\u00edsic tanca per vacances<\/strong> del 22\/12 al 7\/1\/2006&nbsp; tots dos inclosos.<\/p>\n<p><strong>Ara b\u00e9 aquesta intranet seguir\u00e0 funcionant<\/strong>. Aix\u00ed doncs si podeu treballar amb ella. <strong>\u00c3?s<\/strong> el que s&#8217;anomena <strong>un servei 7&#215;24<\/strong><\/p>\n<p><strong>Salutacions, for\u00e7a Mates i <a href=\"http:\/\/www.xtec.cat\/trobada\/nadal06\/index.htm\" target=\"_blank\">bon any 2007<\/a><\/strong><\/p>\n<p>El CiberProfe<\/p>\n<p><img decoding=\"async\" style=\"width: 100px; height: 133px;\" src=\"documents\/fotos\/agarrido.jpg\" alt=\"foto\" title=\"foto\" \/><\/p>\n","protected":false},"excerpt":{"rendered":"<p>El centre f\u00edsic tanca per vacances del 22\/12 al 7\/1\/2006&nbsp; tots dos inclosos.<br \/>\nAra b\u00e9 aquesta intranet seguir\u00e0 funcionant. Aix\u00ed doncs si podeu treballar amb ella. \u00c3?s el que s&#8217;anomena un servei 7&#215;24<br \/>\nSalutacions, for\u00e7a Mates i <a href=\"http:\/\/www.xtec.cat\/trobada\/nadal06\/index.htm\" target=\"_blank\">bon any 2007<\/a><br \/>\nEl CiberProfe<\/p>\n","protected":false},"author":3,"featured_media":0,"comment_status":"open","ping_status":"open","sticky":false,"template":"","format":"standard","meta":{"_bbp_topic_count":0,"_bbp_reply_count":0,"_bbp_total_topic_count":0,"_bbp_total_reply_count":0,"_bbp_voice_count":0,"_bbp_anonymous_reply_count":0,"_bbp_topic_count_hidden":0,"_bbp_reply_count_hidden":0,"_bbp_forum_subforum_count":0,"footnotes":""},"categories":[1],"tags":[97,100],"class_list":["post-451","post","type-post","status-publish","format-standard","hentry","category-general","tag-intraweb","tag-noticies"],"post_mailing_queue_ids":[],"_links":{"self":[{"href":"https:\/\/agora.xtec.cat\/ies-jaumebalmes\/wp-json\/wp\/v2\/posts\/451","targetHints":{"allow":["GET"]}}],"collection":[{"href":"https:\/\/agora.xtec.cat\/ies-jaumebalmes\/wp-json\/wp\/v2\/posts"}],"about":[{"href":"https:\/\/agora.xtec.cat\/ies-jaumebalmes\/wp-json\/wp\/v2\/types\/post"}],"author":[{"embeddable":true,"href":"https:\/\/agora.xtec.cat\/ies-jaumebalmes\/wp-json\/wp\/v2\/users\/3"}],"replies":[{"embeddable":true,"href":"https:\/\/agora.xtec.cat\/ies-jaumebalmes\/wp-json\/wp\/v2\/comments?post=451"}],"version-history":[{"count":0,"href":"https:\/\/agora.xtec.cat\/ies-jaumebalmes\/wp-json\/wp\/v2\/posts\/451\/revisions"}],"wp:attachment":[{"href":"https:\/\/agora.xtec.cat\/ies-jaumebalmes\/wp-json\/wp\/v2\/media?parent=451"}],"wp:term":[{"taxonomy":"category","embeddable":true,"href":"https:\/\/agora.xtec.cat\/ies-jaumebalmes\/wp-json\/wp\/v2\/categories?post=451"},{"taxonomy":"post_tag","embeddable":true,"href":"https:\/\/agora.xtec.cat\/ies-jaumebalmes\/wp-json\/wp\/v2\/tags?post=451"}],"curies":[{"name":"wp","href":"https:\/\/api.w.org\/{rel}","templated":true}]}}