{"id":961,"date":"2017-05-29T19:07:57","date_gmt":"2017-05-29T17:07:57","guid":{"rendered":"http:\/\/agora.xtec.cat\/ies-isaac-albeniz\/?p=961"},"modified":"2017-05-29T19:07:57","modified_gmt":"2017-05-29T17:07:57","slug":"xerrada-acollida-i-esperanca","status":"publish","type":"post","link":"https:\/\/agora.xtec.cat\/ies-isaac-albeniz\/portada\/xerrada-acollida-i-esperanca\/","title":{"rendered":"Xerrada Acollida i Esperan\u00e7a"},"content":{"rendered":"<p>Els alumnes de tercer d&#8217;ESO han participat en una xerrada molt interessant a c\u00e0rrec de la Fundaci\u00f3 Acollida i Esperan\u00e7a, una entitat ve\u00efna, que acompanya a persones en risc d&#8217;exclusi\u00f3 social. Vam con\u00e8ixer la\u00a0Tere, que fou enormement generosa de parlar-nos de la seva experi\u00e8ncia en el m\u00f3n de les drogues. Vam fer preguntes, vam intercanviar experi\u00e8ncies i posar en joc part dels coneixements treballats a ci\u00e8ncies naturals i a tutoria. Finalment vam valorar la xerrada amb una din\u00e0mica per tancar la sessi\u00f3 i aquest n\u00favol de paraules n&#8217;\u00e9s un recull. El dia 16 de juny\u00a0ens\u00a0tornaran a visitar!<\/p>\n<p>Si\u00a0voleu\u00a0con\u00e8ixer m\u00e9s a fons la Fundaci\u00f3 Acollida I Esperan\u00e7a, podeu consultar el seu\u00a0web:\u00a0http:\/\/www.acollida.org<\/p>\n<figure class=\"figure wp-caption alignnone\"><img loading=\"lazy\" decoding=\"async\" class=\"size-large wp-image-962\" src=\"http:\/\/agora.xtec.cat\/ies-isaac-albeniz\/wp-content\/uploads\/usu1344\/2017\/05\/2017_05_fundacio_acollida-i-esperanca-1024x768.jpg\" alt=\"SANYO DIGITAL CAMERA\" width=\"1024\" height=\"768\" srcset=\"https:\/\/agora.xtec.cat\/ies-isaac-albeniz\/wp-content\/uploads\/usu1344\/2017\/05\/2017_05_fundacio_acollida-i-esperanca.jpg 1024w, https:\/\/agora.xtec.cat\/ies-isaac-albeniz\/wp-content\/uploads\/usu1344\/2017\/05\/2017_05_fundacio_acollida-i-esperanca-300x225.jpg 300w, https:\/\/agora.xtec.cat\/ies-isaac-albeniz\/wp-content\/uploads\/usu1344\/2017\/05\/2017_05_fundacio_acollida-i-esperanca-768x576.jpg 768w, https:\/\/agora.xtec.cat\/ies-isaac-albeniz\/wp-content\/uploads\/usu1344\/2017\/05\/2017_05_fundacio_acollida-i-esperanca-200x150.jpg 200w\" sizes=\"auto, (max-width: 1024px) 100vw, 1024px\" \/><figcaption class=\"wp-caption-text\">SANYO DIGITAL CAMERA<\/figcaption><\/figure>\n","protected":false},"excerpt":{"rendered":"<p>Els alumnes de tercer d&#8217;ESO han participat en una xerrada molt interessant a c\u00e0rrec de la Fundaci\u00f3 Acollida i Esperan\u00e7a, una entitat ve\u00efna, que acompanya a persones en risc d&#8217;exclusi\u00f3 social. Vam con\u00e8ixer la\u00a0Tere, que fou enormement generosa de parlar-nos de la seva experi\u00e8ncia en&hellip;  <a href=\"https:\/\/agora.xtec.cat\/ies-isaac-albeniz\/portada\/xerrada-acollida-i-esperanca\/\" title=\"Read Xerrada Acollida i Esperan\u00e7a\">Llegeix m\u00e9s\u00bb<\/a><\/p>\n","protected":false},"author":1,"featured_media":963,"comment_status":"open","ping_status":"closed","sticky":false,"template":"","format":"standard","meta":{"_bbp_topic_count":0,"_bbp_reply_count":0,"_bbp_total_topic_count":0,"_bbp_total_reply_count":0,"_bbp_voice_count":0,"_bbp_anonymous_reply_count":0,"_bbp_topic_count_hidden":0,"_bbp_reply_count_hidden":0,"_bbp_forum_subforum_count":0,"footnotes":""},"categories":[106,29],"tags":[],"class_list":["post-961","post","type-post","status-publish","format-standard","has-post-thumbnail","hentry","category-ciencies-naturals","category-portada"],"post_mailing_queue_ids":[],"_links":{"self":[{"href":"https:\/\/agora.xtec.cat\/ies-isaac-albeniz\/wp-json\/wp\/v2\/posts\/961","targetHints":{"allow":["GET"]}}],"collection":[{"href":"https:\/\/agora.xtec.cat\/ies-isaac-albeniz\/wp-json\/wp\/v2\/posts"}],"about":[{"href":"https:\/\/agora.xtec.cat\/ies-isaac-albeniz\/wp-json\/wp\/v2\/types\/post"}],"author":[{"embeddable":true,"href":"https:\/\/agora.xtec.cat\/ies-isaac-albeniz\/wp-json\/wp\/v2\/users\/1"}],"replies":[{"embeddable":true,"href":"https:\/\/agora.xtec.cat\/ies-isaac-albeniz\/wp-json\/wp\/v2\/comments?post=961"}],"version-history":[{"count":1,"href":"https:\/\/agora.xtec.cat\/ies-isaac-albeniz\/wp-json\/wp\/v2\/posts\/961\/revisions"}],"predecessor-version":[{"id":964,"href":"https:\/\/agora.xtec.cat\/ies-isaac-albeniz\/wp-json\/wp\/v2\/posts\/961\/revisions\/964"}],"wp:featuredmedia":[{"embeddable":true,"href":"https:\/\/agora.xtec.cat\/ies-isaac-albeniz\/wp-json\/wp\/v2\/media\/963"}],"wp:attachment":[{"href":"https:\/\/agora.xtec.cat\/ies-isaac-albeniz\/wp-json\/wp\/v2\/media?parent=961"}],"wp:term":[{"taxonomy":"category","embeddable":true,"href":"https:\/\/agora.xtec.cat\/ies-isaac-albeniz\/wp-json\/wp\/v2\/categories?post=961"},{"taxonomy":"post_tag","embeddable":true,"href":"https:\/\/agora.xtec.cat\/ies-isaac-albeniz\/wp-json\/wp\/v2\/tags?post=961"}],"curies":[{"name":"wp","href":"https:\/\/api.w.org\/{rel}","templated":true}]}}