{"id":867,"date":"2017-04-18T08:49:16","date_gmt":"2017-04-18T06:49:16","guid":{"rendered":"http:\/\/agora.xtec.cat\/ies-isaac-albeniz\/?p=867"},"modified":"2017-04-18T08:49:16","modified_gmt":"2017-04-18T06:49:16","slug":"visita-de-4t-deso-al-mnactec","status":"publish","type":"post","link":"https:\/\/agora.xtec.cat\/ies-isaac-albeniz\/portada\/visita-de-4t-deso-al-mnactec\/","title":{"rendered":"Visita de 4t d&#8217;ESO al mNACTEC"},"content":{"rendered":"<p>El passat dia 4 d&#8217;abril, els alumnes de 4t d&#8217;ESO que cursen la mat\u00e8ria optativa de f\u00edsica i qu\u00edmica van visitar el Museu Nacional de Ci\u00e8ncia i Tecnolog\u00eda de Terrassa (mNACTEC)<br \/>\nConegueren com era un laboratori de f\u00edsica experimental de comen\u00e7ament del segle XX i realitzaren experiments que van servir per entendre el perqu\u00e8 dels fen\u00f2mens f\u00edsics que ens envolten, a partir d&#8217;experi\u00e8ncies de pressi\u00f3, llum, so i l&#8217;electricitat.<\/p>\n<p><img loading=\"lazy\" decoding=\"async\" class=\"alignnone size-large wp-image-868\" src=\"http:\/\/agora.xtec.cat\/ies-isaac-albeniz\/wp-content\/uploads\/usu1344\/2017\/04\/2017_04_mNACTEC_ESO4-1024x576.jpg\" alt=\"2017_04_mNACTEC_ESO4\" width=\"1024\" height=\"576\" srcset=\"https:\/\/agora.xtec.cat\/ies-isaac-albeniz\/wp-content\/uploads\/usu1344\/2017\/04\/2017_04_mNACTEC_ESO4-1024x576.jpg 1024w, https:\/\/agora.xtec.cat\/ies-isaac-albeniz\/wp-content\/uploads\/usu1344\/2017\/04\/2017_04_mNACTEC_ESO4-300x169.jpg 300w, https:\/\/agora.xtec.cat\/ies-isaac-albeniz\/wp-content\/uploads\/usu1344\/2017\/04\/2017_04_mNACTEC_ESO4-768x432.jpg 768w, https:\/\/agora.xtec.cat\/ies-isaac-albeniz\/wp-content\/uploads\/usu1344\/2017\/04\/2017_04_mNACTEC_ESO4.jpg 1600w\" sizes=\"auto, (max-width: 1024px) 100vw, 1024px\" \/><\/p>\n","protected":false},"excerpt":{"rendered":"<p>El passat dia 4 d&#8217;abril, els alumnes de 4t d&#8217;ESO que cursen la mat\u00e8ria optativa de f\u00edsica i qu\u00edmica van visitar el Museu Nacional de Ci\u00e8ncia i Tecnolog\u00eda de Terrassa (mNACTEC)<br \/>\nConegueren com era un laboratori de f\u00edsica experimental de comen\u00e7ament del segle XX i realitzaren&hellip;  <a href=\"https:\/\/agora.xtec.cat\/ies-isaac-albeniz\/portada\/visita-de-4t-deso-al-mnactec\/\" title=\"Read Visita de 4t d&#8217;ESO al mNACTEC\">Llegeix m\u00e9s\u00bb<\/a><\/p>\n","protected":false},"author":1,"featured_media":868,"comment_status":"open","ping_status":"open","sticky":false,"template":"","format":"standard","meta":{"_bbp_topic_count":0,"_bbp_reply_count":0,"_bbp_total_topic_count":0,"_bbp_total_reply_count":0,"_bbp_voice_count":0,"_bbp_anonymous_reply_count":0,"_bbp_topic_count_hidden":0,"_bbp_reply_count_hidden":0,"_bbp_forum_subforum_count":0,"footnotes":""},"categories":[114,29],"tags":[],"class_list":["post-867","post","type-post","status-publish","format-standard","has-post-thumbnail","hentry","category-fisica-i-quimica","category-portada"],"post_mailing_queue_ids":[],"_links":{"self":[{"href":"https:\/\/agora.xtec.cat\/ies-isaac-albeniz\/wp-json\/wp\/v2\/posts\/867","targetHints":{"allow":["GET"]}}],"collection":[{"href":"https:\/\/agora.xtec.cat\/ies-isaac-albeniz\/wp-json\/wp\/v2\/posts"}],"about":[{"href":"https:\/\/agora.xtec.cat\/ies-isaac-albeniz\/wp-json\/wp\/v2\/types\/post"}],"author":[{"embeddable":true,"href":"https:\/\/agora.xtec.cat\/ies-isaac-albeniz\/wp-json\/wp\/v2\/users\/1"}],"replies":[{"embeddable":true,"href":"https:\/\/agora.xtec.cat\/ies-isaac-albeniz\/wp-json\/wp\/v2\/comments?post=867"}],"version-history":[{"count":1,"href":"https:\/\/agora.xtec.cat\/ies-isaac-albeniz\/wp-json\/wp\/v2\/posts\/867\/revisions"}],"predecessor-version":[{"id":869,"href":"https:\/\/agora.xtec.cat\/ies-isaac-albeniz\/wp-json\/wp\/v2\/posts\/867\/revisions\/869"}],"wp:featuredmedia":[{"embeddable":true,"href":"https:\/\/agora.xtec.cat\/ies-isaac-albeniz\/wp-json\/wp\/v2\/media\/868"}],"wp:attachment":[{"href":"https:\/\/agora.xtec.cat\/ies-isaac-albeniz\/wp-json\/wp\/v2\/media?parent=867"}],"wp:term":[{"taxonomy":"category","embeddable":true,"href":"https:\/\/agora.xtec.cat\/ies-isaac-albeniz\/wp-json\/wp\/v2\/categories?post=867"},{"taxonomy":"post_tag","embeddable":true,"href":"https:\/\/agora.xtec.cat\/ies-isaac-albeniz\/wp-json\/wp\/v2\/tags?post=867"}],"curies":[{"name":"wp","href":"https:\/\/api.w.org\/{rel}","templated":true}]}}