{"id":3317,"date":"2022-05-02T11:59:53","date_gmt":"2022-05-02T09:59:53","guid":{"rendered":"https:\/\/agora.xtec.cat\/ies-isaac-albeniz\/?p=3317"},"modified":"2022-05-04T11:10:23","modified_gmt":"2022-05-04T09:10:23","slug":"de-collaboracio-i-altres-especies","status":"publish","type":"post","link":"https:\/\/agora.xtec.cat\/ies-isaac-albeniz\/portada\/de-collaboracio-i-altres-especies\/","title":{"rendered":"De col\u00b7laboraci\u00f3 i altres esp\u00e8cies"},"content":{"rendered":"<p>Que la natura inspira poemes, ja ho sab\u00edem; i que hi ha moltes maneres de mirar-la, tamb\u00e9; el que potser no sab\u00edem, o oblid\u00e0vem, \u00e9s que, de mirar-la junts, cobrava nova vida; i hem gosat fer-ho.<\/p>\n<p>No ens ha calgut buscar dest\u00ed lluny\u00e0; el jard\u00ed del nostre institut era l\u2019escenari perfecte: diversitat d\u2019esp\u00e8cies, especificitat mediterr\u00e0nia, senyals de vida i de pas del temps. Tot era a prop i estava a punt perqu\u00e8 ens acost\u00e9ssim, junts i diversos, als arbres que arrelen amb nosaltres en l\u2019espai que compartim.<\/p>\n<p>Us oferim un itinerari per les esp\u00e8cies representatives del clima mediterrani allotjades al jard\u00ed de l\u2019Alb\u00e9niz; aquelles que han donat escalf a les paraules de les poetes que recull el llibre de Marta P\u00e9rez Serra i Margalida Capell\u00e0 Soler <em>Dones, arbres i poesia<\/em>.<\/p>\n<p>Llegiu la proposta com una temptativa integradora i oberta d\u2019apropar-nos a una realitat viva, que no ent\u00e9n ni s\u2019ajusta a rigors acad\u00e8mics.<\/p>\n<p>Amb aquesta presentaci\u00f3 iniciem el nostre recorregut: un primer pas per obrir cam\u00ed.<\/p>\n<p><a href=\"https:\/\/agora.xtec.cat\/ies-isaac-albeniz\/wp-content\/uploads\/usu1344\/2022\/05\/Galeria-fotos.jpg\"><img loading=\"lazy\" decoding=\"async\" class=\"size-large wp-image-3323 aligncenter\" src=\"https:\/\/agora.xtec.cat\/ies-isaac-albeniz\/wp-content\/uploads\/usu1344\/2022\/05\/Galeria-fotos-1024x1024.jpg\" alt=\"\" width=\"1024\" height=\"1024\" \/><\/a><\/p>\n<p>&nbsp;<\/p>\n<p style=\"text-align: center;\"><iframe loading=\"lazy\" title=\"YouTube video player\" src=\"\/\/www.youtube.com\/embed\/8jBmukw9v3g\" width=\"800\" height=\"450\" frameborder=\"0\" allowfullscreen=\"allowfullscreen\"><\/iframe><\/p>\n<p>&nbsp;<\/p>\n<p style=\"text-align: center;\"><a href=\"https:\/\/sites.google.com\/view\/somtropistes\/natural-de-badalona\/dones-arbres-i-poesia-a-linstitut-alb%C3%A9niz\" target=\"_blank\" rel=\"noopener\">I el nostre recorregut.<\/a><\/p>\n<p>&nbsp;<\/p>\n<p>&nbsp;<\/p>\n","protected":false},"excerpt":{"rendered":"<p>Que la natura inspira poemes, ja ho sab\u00edem; i que hi ha moltes maneres de mirar-la, tamb\u00e9; el que potser no sab\u00edem, o oblid\u00e0vem, \u00e9s que, de mirar-la junts, cobrava nova vida; i hem gosat fer-ho.<br \/>\nNo ens ha calgut buscar dest\u00ed lluny\u00e0; el jard\u00ed del&hellip;  <a href=\"https:\/\/agora.xtec.cat\/ies-isaac-albeniz\/portada\/de-collaboracio-i-altres-especies\/\" title=\"Read De col\u00b7laboraci\u00f3 i altres esp\u00e8cies\">Llegeix m\u00e9s\u00bb<\/a><\/p>\n","protected":false},"author":1,"featured_media":3323,"comment_status":"closed","ping_status":"closed","sticky":false,"template":"","format":"standard","meta":{"_bbp_topic_count":0,"_bbp_reply_count":0,"_bbp_total_topic_count":0,"_bbp_total_reply_count":0,"_bbp_voice_count":0,"_bbp_anonymous_reply_count":0,"_bbp_topic_count_hidden":0,"_bbp_reply_count_hidden":0,"_bbp_forum_subforum_count":0,"footnotes":""},"categories":[111,106,29],"tags":[],"class_list":["post-3317","post","type-post","status-publish","format-standard","has-post-thumbnail","hentry","category-catala","category-ciencies-naturals","category-portada"],"post_mailing_queue_ids":[],"_links":{"self":[{"href":"https:\/\/agora.xtec.cat\/ies-isaac-albeniz\/wp-json\/wp\/v2\/posts\/3317","targetHints":{"allow":["GET"]}}],"collection":[{"href":"https:\/\/agora.xtec.cat\/ies-isaac-albeniz\/wp-json\/wp\/v2\/posts"}],"about":[{"href":"https:\/\/agora.xtec.cat\/ies-isaac-albeniz\/wp-json\/wp\/v2\/types\/post"}],"author":[{"embeddable":true,"href":"https:\/\/agora.xtec.cat\/ies-isaac-albeniz\/wp-json\/wp\/v2\/users\/1"}],"replies":[{"embeddable":true,"href":"https:\/\/agora.xtec.cat\/ies-isaac-albeniz\/wp-json\/wp\/v2\/comments?post=3317"}],"version-history":[{"count":3,"href":"https:\/\/agora.xtec.cat\/ies-isaac-albeniz\/wp-json\/wp\/v2\/posts\/3317\/revisions"}],"predecessor-version":[{"id":3324,"href":"https:\/\/agora.xtec.cat\/ies-isaac-albeniz\/wp-json\/wp\/v2\/posts\/3317\/revisions\/3324"}],"wp:featuredmedia":[{"embeddable":true,"href":"https:\/\/agora.xtec.cat\/ies-isaac-albeniz\/wp-json\/wp\/v2\/media\/3323"}],"wp:attachment":[{"href":"https:\/\/agora.xtec.cat\/ies-isaac-albeniz\/wp-json\/wp\/v2\/media?parent=3317"}],"wp:term":[{"taxonomy":"category","embeddable":true,"href":"https:\/\/agora.xtec.cat\/ies-isaac-albeniz\/wp-json\/wp\/v2\/categories?post=3317"},{"taxonomy":"post_tag","embeddable":true,"href":"https:\/\/agora.xtec.cat\/ies-isaac-albeniz\/wp-json\/wp\/v2\/tags?post=3317"}],"curies":[{"name":"wp","href":"https:\/\/api.w.org\/{rel}","templated":true}]}}