{"id":2886,"date":"2021-03-26T17:08:52","date_gmt":"2021-03-26T16:08:52","guid":{"rendered":"http:\/\/agora.xtec.cat\/ies-isaac-albeniz\/?p=2886"},"modified":"2021-03-26T17:08:52","modified_gmt":"2021-03-26T16:08:52","slug":"viii-edicio-del-concurs-de-videociencia","status":"publish","type":"post","link":"https:\/\/agora.xtec.cat\/ies-isaac-albeniz\/general\/viii-edicio-del-concurs-de-videociencia\/","title":{"rendered":"VIII Edici\u00f3 del concurs de VideoCi\u00e8ncia"},"content":{"rendered":"<blockquote>\n<p align=\"justify\">Fa uns dies vam fer el lliurament de premis de cadascuna de les categories del concurs de VIDEOCI\u00c8NCIA que organitza el seminari de F\u00edsica i Qu\u00edmica del INS Isaac Alb\u00e9niz&#8230;. aquesta era ja la vuitena edici\u00f3 !!<\/p>\n<p align=\"justify\">Enguany per la pand\u00e8mia ens hem \u00abreinventat\u00bb per tal d\u2019adaptar-nos els protocols de seguretat. Per primer cop els alumnes van fer els seus experiments en els laboratoris del centre i enlloc de fer una gala conjunta a la sala d\u2019actes per visualitzar tots els v\u00eddeos i fer el lliurament de premis, hem fet un acte similar per a cada grup bombolla per separat. Us convidem a mirar els v\u00eddeos premiats d\u2019aquesta vuitena edici\u00f3 aix\u00ed com un petit recull de fotografies que trobareu a les xarxes socials (youtube i instagram).<\/p>\n<p align=\"justify\">Ens tornarem a trobar a la novena !!<\/p>\n<\/blockquote>\n<h3><\/h3>\n<h3><strong>Categoria de 4t d&#8217;ESO<\/strong><\/h3>\n<h4><strong>2n premi:\u00a0 La Resson\u00e0ncia\u00a0\u00a0\u00a0\u00a0\u00a0\u00a0 Autors: Claudia Bol\u00edvar, Marc Gardu\u00f1o, Gerard L\u00f3pez i Mart\u00ed P\u00e9rez<\/strong><\/h4>\n<h4><strong>\u00a0<\/strong><\/h4>\n<p><iframe loading=\"lazy\" src=\"\/\/www.youtube.com\/embed\/PFWT1T-nrSc\" width=\"800\" height=\"450\" frameborder=\"0\"><\/iframe><\/p>\n<p>&nbsp;<\/p>\n<h4><\/h4>\n<h4><strong>1r premi:\u00a0 Espelma i aigua que puja. \u00a0\u00a0\u00a0\u00a0\u00a0 Autors: Axel Abdi, Miguel Andreu i V\u00edctor Huertes<br \/>\n<\/strong><\/h4>\n<p><iframe loading=\"lazy\" src=\"\/\/www.youtube.com\/embed\/TNpk3pdUEcQ\" width=\"800\" height=\"450\" frameborder=\"0\"><\/iframe><\/p>\n<p>&nbsp;<\/p>\n<h3><strong>Categoria de 1r de Batxillerat<\/strong><\/h3>\n<h4><strong>2n premi:\u00a0 On \u00e9s el blau?\u00a0\u00a0\u00a0\u00a0\u00a0\u00a0 Autors: Berta Gallardo, Emma Crisol, Eva M\u00e9ndez i Sandra Gallardo<br \/>\n<\/strong><\/h4>\n<p><iframe loading=\"lazy\" src=\"\/\/www.youtube.com\/embed\/ht4vmLX6tS0\" width=\"800\" height=\"450\" frameborder=\"0\"><\/iframe><\/p>\n<p>&nbsp;<\/p>\n<h4><strong>1r premi:\u00a0 Electr\u00f2lisi a l&#8217;aigua.\u00a0\u00a0\u00a0\u00a0\u00a0\u00a0 Autors: Pablo Font, J\u00falia Mu\u00f1oz Daniel Garcia i Rub\u00e9n Moreno<br \/>\n<\/strong><\/h4>\n<p><iframe loading=\"lazy\" src=\"\/\/www.youtube.com\/embed\/IWK5rSZSHB0\" width=\"800\" height=\"450\" frameborder=\"0\"><\/iframe><\/p>\n","protected":false},"excerpt":{"rendered":"<p>Fa uns dies vam fer el lliurament de premis de cadascuna de les categories del concurs de VIDEOCI\u00c8NCIA que organitza el seminari de F\u00edsica i Qu\u00edmica del INS Isaac Alb\u00e9niz&#8230;. aquesta era ja la vuitena edici\u00f3 !!<br \/>\nEnguany per la pand\u00e8mia ens hem \u00abreinventat\u00bb per tal&hellip;  <a href=\"https:\/\/agora.xtec.cat\/ies-isaac-albeniz\/general\/viii-edicio-del-concurs-de-videociencia\/\" title=\"Read VIII Edici\u00f3 del concurs de VideoCi\u00e8ncia\">Llegeix m\u00e9s\u00bb<\/a><\/p>\n","protected":false},"author":1,"featured_media":2893,"comment_status":"closed","ping_status":"closed","sticky":false,"template":"","format":"standard","meta":{"_bbp_topic_count":0,"_bbp_reply_count":0,"_bbp_total_topic_count":0,"_bbp_total_reply_count":0,"_bbp_voice_count":0,"_bbp_anonymous_reply_count":0,"_bbp_topic_count_hidden":0,"_bbp_reply_count_hidden":0,"_bbp_forum_subforum_count":0,"footnotes":""},"categories":[114,1,29],"tags":[],"class_list":["post-2886","post","type-post","status-publish","format-standard","has-post-thumbnail","hentry","category-fisica-i-quimica","category-general","category-portada"],"post_mailing_queue_ids":[],"_links":{"self":[{"href":"https:\/\/agora.xtec.cat\/ies-isaac-albeniz\/wp-json\/wp\/v2\/posts\/2886","targetHints":{"allow":["GET"]}}],"collection":[{"href":"https:\/\/agora.xtec.cat\/ies-isaac-albeniz\/wp-json\/wp\/v2\/posts"}],"about":[{"href":"https:\/\/agora.xtec.cat\/ies-isaac-albeniz\/wp-json\/wp\/v2\/types\/post"}],"author":[{"embeddable":true,"href":"https:\/\/agora.xtec.cat\/ies-isaac-albeniz\/wp-json\/wp\/v2\/users\/1"}],"replies":[{"embeddable":true,"href":"https:\/\/agora.xtec.cat\/ies-isaac-albeniz\/wp-json\/wp\/v2\/comments?post=2886"}],"version-history":[{"count":3,"href":"https:\/\/agora.xtec.cat\/ies-isaac-albeniz\/wp-json\/wp\/v2\/posts\/2886\/revisions"}],"predecessor-version":[{"id":2892,"href":"https:\/\/agora.xtec.cat\/ies-isaac-albeniz\/wp-json\/wp\/v2\/posts\/2886\/revisions\/2892"}],"wp:featuredmedia":[{"embeddable":true,"href":"https:\/\/agora.xtec.cat\/ies-isaac-albeniz\/wp-json\/wp\/v2\/media\/2893"}],"wp:attachment":[{"href":"https:\/\/agora.xtec.cat\/ies-isaac-albeniz\/wp-json\/wp\/v2\/media?parent=2886"}],"wp:term":[{"taxonomy":"category","embeddable":true,"href":"https:\/\/agora.xtec.cat\/ies-isaac-albeniz\/wp-json\/wp\/v2\/categories?post=2886"},{"taxonomy":"post_tag","embeddable":true,"href":"https:\/\/agora.xtec.cat\/ies-isaac-albeniz\/wp-json\/wp\/v2\/tags?post=2886"}],"curies":[{"name":"wp","href":"https:\/\/api.w.org\/{rel}","templated":true}]}}