{"id":2445,"date":"2020-03-03T14:12:12","date_gmt":"2020-03-03T13:12:12","guid":{"rendered":"http:\/\/agora.xtec.cat\/ies-isaac-albeniz\/?p=2445"},"modified":"2020-03-05T19:44:40","modified_gmt":"2020-03-05T18:44:40","slug":"gran-exit-a-les-olimpiades-de-geologia","status":"publish","type":"post","link":"https:\/\/agora.xtec.cat\/ies-isaac-albeniz\/portada\/gran-exit-a-les-olimpiades-de-geologia\/","title":{"rendered":"Gran \u00e8xit a les Olimp\u00edades de Geologia"},"content":{"rendered":"<p>El passat 28 de febrer un grup dels alumnes que cursen la mat\u00e8ria Ci\u00e8ncies de la Terra i medi ambient, van anar a la facultat de Ci\u00e8ncies de la UAB per tal de participar a les X Olimp\u00edades de Geologia. Van realitzar tot una s\u00e8rie de proves te\u00f2riques i pr\u00e0ctiques de manera individual i en grup. El resultat va ser fant\u00e0stic, dels alumnes del nostre centre en van sortir el primer, tercer i quart classificats, que foren les alumnes Laura Molar, M\u00edriam Macias i Sara M\u00e9ndez. En el cas de la Laura, en ser la guanyadora , participar\u00e0 en fase nacional de l\u2019Olimp\u00edada que se celebrar\u00e0 properament a Conca, juntament amb els primers classificats de les altres prov\u00edncies espanyoles. Enhorabona!<\/p>\n<p><img loading=\"lazy\" decoding=\"async\" class=\"size-large wp-image-2447 aligncenter\" src=\"https:\/\/agora.xtec.cat\/ies-isaac-albeniz\/wp-content\/uploads\/usu1344\/2020\/03\/IMG-20200228-WA0021-1024x768.jpg\" alt=\"\" width=\"1024\" height=\"768\" srcset=\"https:\/\/agora.xtec.cat\/ies-isaac-albeniz\/wp-content\/uploads\/usu1344\/2020\/03\/IMG-20200228-WA0021-1024x768.jpg 1024w, https:\/\/agora.xtec.cat\/ies-isaac-albeniz\/wp-content\/uploads\/usu1344\/2020\/03\/IMG-20200228-WA0021-300x225.jpg 300w, https:\/\/agora.xtec.cat\/ies-isaac-albeniz\/wp-content\/uploads\/usu1344\/2020\/03\/IMG-20200228-WA0021-768x576.jpg 768w, https:\/\/agora.xtec.cat\/ies-isaac-albeniz\/wp-content\/uploads\/usu1344\/2020\/03\/IMG-20200228-WA0021-200x150.jpg 200w, https:\/\/agora.xtec.cat\/ies-isaac-albeniz\/wp-content\/uploads\/usu1344\/2020\/03\/IMG-20200228-WA0021.jpg 1600w\" sizes=\"auto, (max-width: 1024px) 100vw, 1024px\" \/><\/p>\n<p>&nbsp;<\/p>\n<p><img loading=\"lazy\" decoding=\"async\" class=\"size-large wp-image-2446 aligncenter\" src=\"https:\/\/agora.xtec.cat\/ies-isaac-albeniz\/wp-content\/uploads\/usu1344\/2020\/03\/IMG-20200228-WA0009-1024x768.jpg\" alt=\"\" width=\"1024\" height=\"768\" \/><\/p>\n","protected":false},"excerpt":{"rendered":"<p>El passat 28 de febrer un grup dels alumnes que cursen la mat\u00e8ria Ci\u00e8ncies de la Terra i medi ambient, van anar a la facultat de Ci\u00e8ncies de la UAB per tal de participar a les X Olimp\u00edades de Geologia. Van realitzar tot una s\u00e8rie&hellip;  <a href=\"https:\/\/agora.xtec.cat\/ies-isaac-albeniz\/portada\/gran-exit-a-les-olimpiades-de-geologia\/\" title=\"Read Gran \u00e8xit a les Olimp\u00edades de Geologia\">Llegeix m\u00e9s\u00bb<\/a><\/p>\n","protected":false},"author":1,"featured_media":2446,"comment_status":"closed","ping_status":"closed","sticky":false,"template":"","format":"standard","meta":{"_bbp_topic_count":0,"_bbp_reply_count":0,"_bbp_total_topic_count":0,"_bbp_total_reply_count":0,"_bbp_voice_count":0,"_bbp_anonymous_reply_count":0,"_bbp_topic_count_hidden":0,"_bbp_reply_count_hidden":0,"_bbp_forum_subforum_count":0,"footnotes":""},"categories":[106,29],"tags":[],"class_list":["post-2445","post","type-post","status-publish","format-standard","has-post-thumbnail","hentry","category-ciencies-naturals","category-portada"],"post_mailing_queue_ids":[],"_links":{"self":[{"href":"https:\/\/agora.xtec.cat\/ies-isaac-albeniz\/wp-json\/wp\/v2\/posts\/2445","targetHints":{"allow":["GET"]}}],"collection":[{"href":"https:\/\/agora.xtec.cat\/ies-isaac-albeniz\/wp-json\/wp\/v2\/posts"}],"about":[{"href":"https:\/\/agora.xtec.cat\/ies-isaac-albeniz\/wp-json\/wp\/v2\/types\/post"}],"author":[{"embeddable":true,"href":"https:\/\/agora.xtec.cat\/ies-isaac-albeniz\/wp-json\/wp\/v2\/users\/1"}],"replies":[{"embeddable":true,"href":"https:\/\/agora.xtec.cat\/ies-isaac-albeniz\/wp-json\/wp\/v2\/comments?post=2445"}],"version-history":[{"count":1,"href":"https:\/\/agora.xtec.cat\/ies-isaac-albeniz\/wp-json\/wp\/v2\/posts\/2445\/revisions"}],"predecessor-version":[{"id":2448,"href":"https:\/\/agora.xtec.cat\/ies-isaac-albeniz\/wp-json\/wp\/v2\/posts\/2445\/revisions\/2448"}],"wp:featuredmedia":[{"embeddable":true,"href":"https:\/\/agora.xtec.cat\/ies-isaac-albeniz\/wp-json\/wp\/v2\/media\/2446"}],"wp:attachment":[{"href":"https:\/\/agora.xtec.cat\/ies-isaac-albeniz\/wp-json\/wp\/v2\/media?parent=2445"}],"wp:term":[{"taxonomy":"category","embeddable":true,"href":"https:\/\/agora.xtec.cat\/ies-isaac-albeniz\/wp-json\/wp\/v2\/categories?post=2445"},{"taxonomy":"post_tag","embeddable":true,"href":"https:\/\/agora.xtec.cat\/ies-isaac-albeniz\/wp-json\/wp\/v2\/tags?post=2445"}],"curies":[{"name":"wp","href":"https:\/\/api.w.org\/{rel}","templated":true}]}}