{"id":2421,"date":"2020-02-21T10:40:42","date_gmt":"2020-02-21T09:40:42","guid":{"rendered":"http:\/\/agora.xtec.cat\/ies-isaac-albeniz\/?p=2421"},"modified":"2020-02-29T10:20:32","modified_gmt":"2020-02-29T09:20:32","slug":"vii-concurs-de-videociencia","status":"publish","type":"post","link":"https:\/\/agora.xtec.cat\/ies-isaac-albeniz\/portada\/vii-concurs-de-videociencia\/","title":{"rendered":"VII Concurs de VideoCi\u00e8ncia"},"content":{"rendered":"<p>Dijous 20 de febrer es va celebrar la gala de la 7a edici\u00f3 del concurs de VideoCi\u00e8ncia amb una molt bona participaci\u00f3 dels alumnes de 4t d\u2019ESO i de 1r de batxillerat cient\u00edfic. En les 2 hores que dur\u00e0 la gala es van visualitzar els vint-i-set v\u00eddeos participants i es va fer el lliurament dels premis en les dues categories. \u00a0\u00a0 \u00a0<a href=\"https:\/\/photos.app.goo.gl\/KLc5BCUT9KqntpzC8\" target=\"_blank\" rel=\"noopener noreferrer\">Fotos de la gala<\/a><\/p>\n<p>&nbsp;<\/p>\n<h3 style=\"text-align: center;\">PRESENTACI\u00d3 DE LA GALA<\/h3>\n<p>&nbsp;<\/p>\n<p style=\"text-align: center;\"><iframe loading=\"lazy\" src=\"\/\/www.youtube.com\/embed\/H1aCQ-WiRtE\" width=\"800\" height=\"450\" frameborder=\"0\"><\/iframe><\/p>\n<h3><\/h3>\n<h3 style=\"text-align: center;\"><strong>Categoria de 4t d&#8217;ESO<\/strong><\/h3>\n<p style=\"text-align: center;\"><strong>Excepcionalment aquest any hi ha hagut dos segons premis<br \/>\n<\/strong><\/p>\n<h4 style=\"text-align: center;\"><strong>2n premi:\u00a0 El Paper que no es mulla\u00a0\u00a0\u00a0\u00a0\u00a0\u00a0 Autores: J\u00falia Ribas i J\u00falia Casademunt<\/strong><\/h4>\n<p style=\"text-align: center;\"><iframe loading=\"lazy\" src=\"\/\/www.youtube.com\/embed\/vECDdwzOJtw\" width=\"800\" height=\"450\" frameborder=\"0\"><\/iframe><\/p>\n<p>&nbsp;<\/p>\n<h4 style=\"text-align: center;\"><strong>2n premi: \u00a0Quatre experiments de F\u00edsica.\u00a0\u00a0\u00a0\u00a0\u00a0\u00a0 Autores: Sandra Gallardo i Eva M\u00e9ndez<\/strong><\/h4>\n<p style=\"text-align: center;\"><strong><iframe loading=\"lazy\" src=\"\/\/www.youtube.com\/embed\/IcC5457f51w\" width=\"800\" height=\"450\" frameborder=\"0\"><\/iframe><\/strong><\/p>\n<h4><\/h4>\n<h4 style=\"text-align: center;\"><strong>1r premi:\u00a0 Rifle de Gauss.\u00a0\u00a0\u00a0\u00a0\u00a0\u00a0 Autors: Joan Bejarano, Pablo Font i Clara Puiggal\u00ed<\/strong><\/h4>\n<p style=\"text-align: center;\"><iframe loading=\"lazy\" src=\"\/\/www.youtube.com\/embed\/BxBnwUYAI_w\" width=\"800\" height=\"450\" frameborder=\"0\"><\/iframe><\/p>\n<p>&nbsp;<\/p>\n<p>&nbsp;<\/p>\n<h3 style=\"text-align: center;\"><strong>Categoria de 1r de Batxillerat<\/strong><\/h3>\n<h4 style=\"text-align: center;\"><strong>2n premi:\u00a0 C\u00e0lcul de la velocitat de la llum.\u00a0\u00a0\u00a0\u00a0\u00a0\u00a0 Autors: Ferran Olivares , David Pel\u00e1ez i D\u00eddac <\/strong><strong>Olives<\/strong><\/h4>\n<p style=\"text-align: center;\"><iframe loading=\"lazy\" src=\"\/\/www.youtube.com\/embed\/IEq-Y2FapvQ\" width=\"800\" height=\"450\" frameborder=\"0\"><\/iframe><\/p>\n<p>&nbsp;<\/p>\n<h4 style=\"text-align: center;\"><strong>1r premi:\u00a0 P\u00f3lvores M\u00e0giques.\u00a0\u00a0\u00a0\u00a0\u00a0\u00a0 Autors: Guillem P\u00e9rez, Anna Ruiz i Pau Torres<\/strong><\/h4>\n<p style=\"text-align: center;\"><iframe loading=\"lazy\" src=\"\/\/www.youtube.com\/embed\/8sFiNiC7dJ4\" width=\"800\" height=\"450\" frameborder=\"0\"><\/iframe><\/p>\n<p>&nbsp;<\/p>\n","protected":false},"excerpt":{"rendered":"<p>Dijous 20 de febrer es va celebrar la gala de la 7a edici\u00f3 del concurs de VideoCi\u00e8ncia amb una molt bona participaci\u00f3 dels alumnes de 4t d\u2019ESO i de 1r de batxillerat cient\u00edfic. En les 2 hores que dur\u00e0 la gala es van visualitzar els&hellip;  <a href=\"https:\/\/agora.xtec.cat\/ies-isaac-albeniz\/portada\/vii-concurs-de-videociencia\/\" title=\"Read VII Concurs de VideoCi\u00e8ncia\">Llegeix m\u00e9s\u00bb<\/a><\/p>\n","protected":false},"author":1,"featured_media":2424,"comment_status":"closed","ping_status":"closed","sticky":false,"template":"","format":"standard","meta":{"_bbp_topic_count":0,"_bbp_reply_count":0,"_bbp_total_topic_count":0,"_bbp_total_reply_count":0,"_bbp_voice_count":0,"_bbp_anonymous_reply_count":0,"_bbp_topic_count_hidden":0,"_bbp_reply_count_hidden":0,"_bbp_forum_subforum_count":0,"footnotes":""},"categories":[114,29],"tags":[],"class_list":["post-2421","post","type-post","status-publish","format-standard","has-post-thumbnail","hentry","category-fisica-i-quimica","category-portada"],"post_mailing_queue_ids":[],"_links":{"self":[{"href":"https:\/\/agora.xtec.cat\/ies-isaac-albeniz\/wp-json\/wp\/v2\/posts\/2421","targetHints":{"allow":["GET"]}}],"collection":[{"href":"https:\/\/agora.xtec.cat\/ies-isaac-albeniz\/wp-json\/wp\/v2\/posts"}],"about":[{"href":"https:\/\/agora.xtec.cat\/ies-isaac-albeniz\/wp-json\/wp\/v2\/types\/post"}],"author":[{"embeddable":true,"href":"https:\/\/agora.xtec.cat\/ies-isaac-albeniz\/wp-json\/wp\/v2\/users\/1"}],"replies":[{"embeddable":true,"href":"https:\/\/agora.xtec.cat\/ies-isaac-albeniz\/wp-json\/wp\/v2\/comments?post=2421"}],"version-history":[{"count":3,"href":"https:\/\/agora.xtec.cat\/ies-isaac-albeniz\/wp-json\/wp\/v2\/posts\/2421\/revisions"}],"predecessor-version":[{"id":2443,"href":"https:\/\/agora.xtec.cat\/ies-isaac-albeniz\/wp-json\/wp\/v2\/posts\/2421\/revisions\/2443"}],"wp:featuredmedia":[{"embeddable":true,"href":"https:\/\/agora.xtec.cat\/ies-isaac-albeniz\/wp-json\/wp\/v2\/media\/2424"}],"wp:attachment":[{"href":"https:\/\/agora.xtec.cat\/ies-isaac-albeniz\/wp-json\/wp\/v2\/media?parent=2421"}],"wp:term":[{"taxonomy":"category","embeddable":true,"href":"https:\/\/agora.xtec.cat\/ies-isaac-albeniz\/wp-json\/wp\/v2\/categories?post=2421"},{"taxonomy":"post_tag","embeddable":true,"href":"https:\/\/agora.xtec.cat\/ies-isaac-albeniz\/wp-json\/wp\/v2\/tags?post=2421"}],"curies":[{"name":"wp","href":"https:\/\/api.w.org\/{rel}","templated":true}]}}