{"id":1926,"date":"2019-02-25T20:10:13","date_gmt":"2019-02-25T19:10:13","guid":{"rendered":"http:\/\/agora.xtec.cat\/ies-isaac-albeniz\/?p=1926"},"modified":"2019-03-10T15:46:24","modified_gmt":"2019-03-10T14:46:24","slug":"vi-concurs-de-videociencia","status":"publish","type":"post","link":"https:\/\/agora.xtec.cat\/ies-isaac-albeniz\/portada\/vi-concurs-de-videociencia\/","title":{"rendered":"VI Concurs de VideoCi\u00e8ncia"},"content":{"rendered":"<p>Dimarts 19 de febrer es va celebrar la gala de la 6a edici\u00f3 del concurs de VideoCi\u00e8ncia amb una nombrosa participaci\u00f3 dels alumnes de 4t d&#8217;ESO i de 1r de batxillerat cient\u00edfic. En les 2 hores que dur\u00e0 la gala es van visualitzar els vint-i-cinc\u00a0 v\u00eddeos participants i es va fer el lliurament dels premis en les dues categories.<\/p>\n<p><img loading=\"lazy\" decoding=\"async\" class=\"size-full wp-image-1931 aligncenter\" src=\"https:\/\/agora.xtec.cat\/ies-isaac-albeniz\/wp-content\/uploads\/usu1344\/2019\/02\/Guanyadors2.png\" alt=\"\" width=\"561\" height=\"397\" srcset=\"https:\/\/agora.xtec.cat\/ies-isaac-albeniz\/wp-content\/uploads\/usu1344\/2019\/02\/Guanyadors2.png 561w, https:\/\/agora.xtec.cat\/ies-isaac-albeniz\/wp-content\/uploads\/usu1344\/2019\/02\/Guanyadors2-300x212.png 300w\" sizes=\"auto, (max-width: 561px) 100vw, 561px\" \/><\/p>\n<p>&nbsp;<\/p>\n<p><a href=\"https:\/\/photos.app.goo.gl\/iDwZkLaYdyNW2GVw5\" target=\"_blank\" rel=\"noopener\"><strong>Imatges de la gala<\/strong><\/a><\/p>\n<h3 style=\"text-align: center;\"><strong>Presentaci\u00f3 de la gala.<\/strong><\/h3>\n<p><iframe loading=\"lazy\" src=\"https:\/\/www.youtube.com\/embed\/MCD5LUpqmNQ\" width=\"800\" height=\"450\" frameborder=\"0\" allowfullscreen=\"allowfullscreen\"><\/iframe><\/p>\n<h4><\/h4>\n<p>&nbsp;<\/p>\n<h4 style=\"text-align: left;\">2n Premi de 4t de l&#8217;ESO: Un indicador base amb nabius<\/h4>\n<h5 style=\"text-align: left;\">Per: Judith Arrebola, Ana Garc\u00eda i M\u00edriam Sed\u00e0s<\/h5>\n<p><iframe loading=\"lazy\" src=\"https:\/\/www.youtube.com\/embed\/T_x96n3x-AM\" width=\"800\" height=\"450\" frameborder=\"0\" allowfullscreen=\"allowfullscreen\"><\/iframe><\/p>\n<h3><\/h3>\n<p>&nbsp;<\/p>\n<h4>1r Premi de 4t d&#8217;ESO: Joc d&#8217;espelmes<\/h4>\n<h5>Per: Pau Torres i Guillem P\u00e9rez<\/h5>\n<p><iframe loading=\"lazy\" src=\"https:\/\/www.youtube.com\/embed\/FgkuhTcxISU\" width=\"800\" height=\"450\" frameborder=\"0\" allowfullscreen=\"allowfullscreen\"><\/iframe><\/p>\n<h3><\/h3>\n<p>&nbsp;<\/p>\n<h4>2n Premi de 1r de batxillerat: Vaixell de vapor<\/h4>\n<h5>Per: Sandra Mart\u00ednez, Nerea Galv\u00e1n i Carla Merch\u00e1n<\/h5>\n<p><iframe loading=\"lazy\" src=\"https:\/\/www.youtube.com\/embed\/uGubay8wJqs\" width=\"800\" height=\"450\" frameborder=\"0\" allowfullscreen=\"allowfullscreen\"><\/iframe><\/p>\n<h3><\/h3>\n<p>&nbsp;<\/p>\n<h4>1r Premi de 1r de batxillerat:\u00a0 El n\u00favol<\/h4>\n<h5>Per: Sandra Mart\u00ednez, Carla Moreno i Sara M\u00e9ndez<\/h5>\n<p><iframe loading=\"lazy\" src=\"https:\/\/www.youtube.com\/embed\/Xq7W_CJet9g\" width=\"800\" height=\"450\" frameborder=\"0\" allowfullscreen=\"allowfullscreen\"><\/iframe><\/p>\n<p>&nbsp;<\/p>\n<p>&nbsp;<\/p>\n","protected":false},"excerpt":{"rendered":"<p>Dimarts 19 de febrer es va celebrar la gala de la 6a edici\u00f3 del concurs de VideoCi\u00e8ncia amb una nombrosa participaci\u00f3 dels alumnes de 4t d&#8217;ESO i de 1r de batxillerat cient\u00edfic. En les 2 hores que dur\u00e0 la gala es van visualitzar els vint-i-cinc\u00a0&hellip;  <a href=\"https:\/\/agora.xtec.cat\/ies-isaac-albeniz\/portada\/vi-concurs-de-videociencia\/\" title=\"Read VI Concurs de VideoCi\u00e8ncia\">Llegeix m\u00e9s\u00bb<\/a><\/p>\n","protected":false},"author":1,"featured_media":1930,"comment_status":"closed","ping_status":"closed","sticky":false,"template":"","format":"standard","meta":{"_bbp_topic_count":0,"_bbp_reply_count":0,"_bbp_total_topic_count":0,"_bbp_total_reply_count":0,"_bbp_voice_count":0,"_bbp_anonymous_reply_count":0,"_bbp_topic_count_hidden":0,"_bbp_reply_count_hidden":0,"_bbp_forum_subforum_count":0,"footnotes":""},"categories":[114,29],"tags":[],"class_list":["post-1926","post","type-post","status-publish","format-standard","has-post-thumbnail","hentry","category-fisica-i-quimica","category-portada"],"post_mailing_queue_ids":[],"_links":{"self":[{"href":"https:\/\/agora.xtec.cat\/ies-isaac-albeniz\/wp-json\/wp\/v2\/posts\/1926","targetHints":{"allow":["GET"]}}],"collection":[{"href":"https:\/\/agora.xtec.cat\/ies-isaac-albeniz\/wp-json\/wp\/v2\/posts"}],"about":[{"href":"https:\/\/agora.xtec.cat\/ies-isaac-albeniz\/wp-json\/wp\/v2\/types\/post"}],"author":[{"embeddable":true,"href":"https:\/\/agora.xtec.cat\/ies-isaac-albeniz\/wp-json\/wp\/v2\/users\/1"}],"replies":[{"embeddable":true,"href":"https:\/\/agora.xtec.cat\/ies-isaac-albeniz\/wp-json\/wp\/v2\/comments?post=1926"}],"version-history":[{"count":4,"href":"https:\/\/agora.xtec.cat\/ies-isaac-albeniz\/wp-json\/wp\/v2\/posts\/1926\/revisions"}],"predecessor-version":[{"id":1984,"href":"https:\/\/agora.xtec.cat\/ies-isaac-albeniz\/wp-json\/wp\/v2\/posts\/1926\/revisions\/1984"}],"wp:featuredmedia":[{"embeddable":true,"href":"https:\/\/agora.xtec.cat\/ies-isaac-albeniz\/wp-json\/wp\/v2\/media\/1930"}],"wp:attachment":[{"href":"https:\/\/agora.xtec.cat\/ies-isaac-albeniz\/wp-json\/wp\/v2\/media?parent=1926"}],"wp:term":[{"taxonomy":"category","embeddable":true,"href":"https:\/\/agora.xtec.cat\/ies-isaac-albeniz\/wp-json\/wp\/v2\/categories?post=1926"},{"taxonomy":"post_tag","embeddable":true,"href":"https:\/\/agora.xtec.cat\/ies-isaac-albeniz\/wp-json\/wp\/v2\/tags?post=1926"}],"curies":[{"name":"wp","href":"https:\/\/api.w.org\/{rel}","templated":true}]}}