{"id":1400,"date":"2018-03-08T09:16:10","date_gmt":"2018-03-08T08:16:10","guid":{"rendered":"http:\/\/agora.xtec.cat\/ies-isaac-albeniz\/?p=1400"},"modified":"2018-03-08T09:16:10","modified_gmt":"2018-03-08T08:16:10","slug":"visita-al-crag","status":"publish","type":"post","link":"https:\/\/agora.xtec.cat\/ies-isaac-albeniz\/portada\/visita-al-crag\/","title":{"rendered":"Visita al CRAG"},"content":{"rendered":"<p>L&#8217;alumnat de Biologia de 2n de Batxillerat ha visitat ell CRAG (Centre de Recerca en Agrigen\u00f2mica) situat a la Universitat Aut\u00f2noma de Barcelona. Han pogut escoltar ls explicacions de cient\u00edfics investigadors,\u00a0 visitar els diferents serveis del centre (microscopia, hivernacles, cultiu i<i>n vitro<\/i>&#8230;) i realitzar una pr\u00e0ctica amb plantes.<\/p>\n<p><img loading=\"lazy\" decoding=\"async\" class=\"alignnone size-full wp-image-1401\" src=\"http:\/\/agora.xtec.cat\/ies-isaac-albeniz\/wp-content\/uploads\/usu1344\/2018\/03\/2018_03_sortida_bio_crag.jpg\" alt=\"\" width=\"1000\" height=\"750\" srcset=\"https:\/\/agora.xtec.cat\/ies-isaac-albeniz\/wp-content\/uploads\/usu1344\/2018\/03\/2018_03_sortida_bio_crag.jpg 1000w, https:\/\/agora.xtec.cat\/ies-isaac-albeniz\/wp-content\/uploads\/usu1344\/2018\/03\/2018_03_sortida_bio_crag-300x225.jpg 300w, https:\/\/agora.xtec.cat\/ies-isaac-albeniz\/wp-content\/uploads\/usu1344\/2018\/03\/2018_03_sortida_bio_crag-768x576.jpg 768w, https:\/\/agora.xtec.cat\/ies-isaac-albeniz\/wp-content\/uploads\/usu1344\/2018\/03\/2018_03_sortida_bio_crag-200x150.jpg 200w\" sizes=\"auto, (max-width: 1000px) 100vw, 1000px\" \/><\/p>\n","protected":false},"excerpt":{"rendered":"<p>L&#8217;alumnat de Biologia de 2n de Batxillerat ha visitat ell CRAG (Centre de Recerca en Agrigen\u00f2mica) situat a la Universitat Aut\u00f2noma de Barcelona. Han pogut escoltar ls explicacions de cient\u00edfics investigadors,\u00a0 visitar els diferents serveis del centre (microscopia, hivernacles, cultiu in vitro&#8230;) i realitzar una&hellip;  <a href=\"https:\/\/agora.xtec.cat\/ies-isaac-albeniz\/portada\/visita-al-crag\/\" title=\"Read Visita al CRAG\">Llegeix m\u00e9s\u00bb<\/a><\/p>\n","protected":false},"author":1,"featured_media":0,"comment_status":"open","ping_status":"closed","sticky":false,"template":"","format":"standard","meta":{"_bbp_topic_count":0,"_bbp_reply_count":0,"_bbp_total_topic_count":0,"_bbp_total_reply_count":0,"_bbp_voice_count":0,"_bbp_anonymous_reply_count":0,"_bbp_topic_count_hidden":0,"_bbp_reply_count_hidden":0,"_bbp_forum_subforum_count":0,"footnotes":""},"categories":[106,29],"tags":[],"class_list":["post-1400","post","type-post","status-publish","format-standard","hentry","category-ciencies-naturals","category-portada"],"post_mailing_queue_ids":[],"_links":{"self":[{"href":"https:\/\/agora.xtec.cat\/ies-isaac-albeniz\/wp-json\/wp\/v2\/posts\/1400","targetHints":{"allow":["GET"]}}],"collection":[{"href":"https:\/\/agora.xtec.cat\/ies-isaac-albeniz\/wp-json\/wp\/v2\/posts"}],"about":[{"href":"https:\/\/agora.xtec.cat\/ies-isaac-albeniz\/wp-json\/wp\/v2\/types\/post"}],"author":[{"embeddable":true,"href":"https:\/\/agora.xtec.cat\/ies-isaac-albeniz\/wp-json\/wp\/v2\/users\/1"}],"replies":[{"embeddable":true,"href":"https:\/\/agora.xtec.cat\/ies-isaac-albeniz\/wp-json\/wp\/v2\/comments?post=1400"}],"version-history":[{"count":1,"href":"https:\/\/agora.xtec.cat\/ies-isaac-albeniz\/wp-json\/wp\/v2\/posts\/1400\/revisions"}],"predecessor-version":[{"id":1402,"href":"https:\/\/agora.xtec.cat\/ies-isaac-albeniz\/wp-json\/wp\/v2\/posts\/1400\/revisions\/1402"}],"wp:attachment":[{"href":"https:\/\/agora.xtec.cat\/ies-isaac-albeniz\/wp-json\/wp\/v2\/media?parent=1400"}],"wp:term":[{"taxonomy":"category","embeddable":true,"href":"https:\/\/agora.xtec.cat\/ies-isaac-albeniz\/wp-json\/wp\/v2\/categories?post=1400"},{"taxonomy":"post_tag","embeddable":true,"href":"https:\/\/agora.xtec.cat\/ies-isaac-albeniz\/wp-json\/wp\/v2\/tags?post=1400"}],"curies":[{"name":"wp","href":"https:\/\/api.w.org\/{rel}","templated":true}]}}