{"id":1376,"date":"2018-02-27T17:24:23","date_gmt":"2018-02-27T16:24:23","guid":{"rendered":"http:\/\/agora.xtec.cat\/ies-isaac-albeniz\/?p=1376"},"modified":"2018-02-27T17:30:03","modified_gmt":"2018-02-27T16:30:03","slug":"olimpiades-de-geologia","status":"publish","type":"post","link":"https:\/\/agora.xtec.cat\/ies-isaac-albeniz\/portada\/olimpiades-de-geologia\/","title":{"rendered":"Olimp\u00edades de Geologia"},"content":{"rendered":"<p>El passat 23 de febrer\u00a0uns\u00a0quants\u00a0alumnes de Ci\u00e8ncies de la Terra de 1r i 2n de Batxillerat van participar en les Novenes Olimp\u00edades de Geologia, per aix\u00f2 van anar a la Facultat de Geologia de la Universitat de Barcelona. Van assistir a una confer\u00e8ncia i van realitzar\u00a0proves de tipus\u00a0pr\u00e0ctic i te\u00f2ric. Els\u00a0resultats\u00a0foren\u00a0for\u00e7a\u00a0bons ja que\u00a0 tres\u00a0dels\u00a0nostres\u00a0alumnes van quedar entre els\u00a0deu\u00a0primers\u00a0classificats.<\/p>\n<p><img loading=\"lazy\" decoding=\"async\" class=\"alignnone size-full wp-image-1380\" src=\"http:\/\/agora.xtec.cat\/ies-isaac-albeniz\/wp-content\/uploads\/usu1344\/2018\/02\/CAM00165.jpg\" alt=\"\" width=\"816\" height=\"612\" srcset=\"https:\/\/agora.xtec.cat\/ies-isaac-albeniz\/wp-content\/uploads\/usu1344\/2018\/02\/CAM00165.jpg 816w, https:\/\/agora.xtec.cat\/ies-isaac-albeniz\/wp-content\/uploads\/usu1344\/2018\/02\/CAM00165-300x225.jpg 300w, https:\/\/agora.xtec.cat\/ies-isaac-albeniz\/wp-content\/uploads\/usu1344\/2018\/02\/CAM00165-768x576.jpg 768w, https:\/\/agora.xtec.cat\/ies-isaac-albeniz\/wp-content\/uploads\/usu1344\/2018\/02\/CAM00165-200x150.jpg 200w\" sizes=\"auto, (max-width: 816px) 100vw, 816px\" \/><\/p>\n","protected":false},"excerpt":{"rendered":"<p>El passat 23 de febrer\u00a0uns\u00a0quants\u00a0alumnes de Ci\u00e8ncies de la Terra de 1r i 2n de Batxillerat van participar en les Novenes Olimp\u00edades de Geologia, per aix\u00f2 van anar a la Facultat de Geologia de la Universitat de Barcelona. Van assistir a una confer\u00e8ncia i van&hellip;  <a href=\"https:\/\/agora.xtec.cat\/ies-isaac-albeniz\/portada\/olimpiades-de-geologia\/\" title=\"Read Olimp\u00edades de Geologia\">Llegeix m\u00e9s\u00bb<\/a><\/p>\n","protected":false},"author":1,"featured_media":1380,"comment_status":"closed","ping_status":"closed","sticky":false,"template":"","format":"standard","meta":{"_bbp_topic_count":0,"_bbp_reply_count":0,"_bbp_total_topic_count":0,"_bbp_total_reply_count":0,"_bbp_voice_count":0,"_bbp_anonymous_reply_count":0,"_bbp_topic_count_hidden":0,"_bbp_reply_count_hidden":0,"_bbp_forum_subforum_count":0,"footnotes":""},"categories":[106,29],"tags":[],"class_list":["post-1376","post","type-post","status-publish","format-standard","has-post-thumbnail","hentry","category-ciencies-naturals","category-portada"],"post_mailing_queue_ids":[],"_links":{"self":[{"href":"https:\/\/agora.xtec.cat\/ies-isaac-albeniz\/wp-json\/wp\/v2\/posts\/1376","targetHints":{"allow":["GET"]}}],"collection":[{"href":"https:\/\/agora.xtec.cat\/ies-isaac-albeniz\/wp-json\/wp\/v2\/posts"}],"about":[{"href":"https:\/\/agora.xtec.cat\/ies-isaac-albeniz\/wp-json\/wp\/v2\/types\/post"}],"author":[{"embeddable":true,"href":"https:\/\/agora.xtec.cat\/ies-isaac-albeniz\/wp-json\/wp\/v2\/users\/1"}],"replies":[{"embeddable":true,"href":"https:\/\/agora.xtec.cat\/ies-isaac-albeniz\/wp-json\/wp\/v2\/comments?post=1376"}],"version-history":[{"count":3,"href":"https:\/\/agora.xtec.cat\/ies-isaac-albeniz\/wp-json\/wp\/v2\/posts\/1376\/revisions"}],"predecessor-version":[{"id":1381,"href":"https:\/\/agora.xtec.cat\/ies-isaac-albeniz\/wp-json\/wp\/v2\/posts\/1376\/revisions\/1381"}],"wp:featuredmedia":[{"embeddable":true,"href":"https:\/\/agora.xtec.cat\/ies-isaac-albeniz\/wp-json\/wp\/v2\/media\/1380"}],"wp:attachment":[{"href":"https:\/\/agora.xtec.cat\/ies-isaac-albeniz\/wp-json\/wp\/v2\/media?parent=1376"}],"wp:term":[{"taxonomy":"category","embeddable":true,"href":"https:\/\/agora.xtec.cat\/ies-isaac-albeniz\/wp-json\/wp\/v2\/categories?post=1376"},{"taxonomy":"post_tag","embeddable":true,"href":"https:\/\/agora.xtec.cat\/ies-isaac-albeniz\/wp-json\/wp\/v2\/tags?post=1376"}],"curies":[{"name":"wp","href":"https:\/\/api.w.org\/{rel}","templated":true}]}}