{"id":1249,"date":"2017-03-18T11:42:26","date_gmt":"2017-03-18T10:42:26","guid":{"rendered":"http:\/\/agora.xtec.cat\/ies-gorgs\/?p=1249"},"modified":"2017-03-18T11:45:39","modified_gmt":"2017-03-18T10:45:39","slug":"convocatoria-de-les-beques-escolars-per-al-curs-2017-2018","status":"publish","type":"post","link":"https:\/\/agora.xtec.cat\/ies-gorgs\/portada\/convocatoria-de-les-beques-escolars-per-al-curs-2017-2018\/","title":{"rendered":"Convocat\u00f2ria de les beques escolars per al curs 2017-2018"},"content":{"rendered":"<section id=\"block-system-main\" class=\"block block-system clearfix\">\n<div class=\"ds-1col node node-noticia view-mode-full clearfix\">\n<div class=\"field field-name-field-image field-type-image field-label-hidden\">\n<div class=\"field-items\">\n<div class=\"field-item even\"><img loading=\"lazy\" decoding=\"async\" class=\"img-responsive alignright\" title=\"Al\u00b7legoria beques\" src=\"http:\/\/www.cerdanyola.cat\/sites\/default\/files\/Noticies\/2017\/03\/beques.jpg\" alt=\"Al\u00b7legoria beques\" width=\"436\" height=\"327\" \/><\/div>\n<\/div>\n<\/div>\n<div class=\"field field-name-summary field-type-ds field-label-hidden\">\n<div class=\"field-items\">\n<div class=\"field-item even\">\n<div class=\"view view-actualitat view-id-actualitat view-display-id-block_20 view-dom-id-f389e9c72e9135d82949227a8dbc2584\">\n<div class=\"view-content\">\n<div>\n<div class=\"views-field views-field-body\">\n<div class=\"field-content\">\n<p><strong>El govern municipal t\u00e9 previst destinar 475.000 euros a les beques escolars.<\/strong><\/p>\n<\/div>\n<\/div>\n<\/div>\n<\/div>\n<\/div>\n<\/div>\n<\/div>\n<\/div>\n<div class=\"field field-name-body field-type-text-with-summary field-label-hidden\">\n<div class=\"field-items\">\n<div class=\"field-item even\">\n<p style=\"text-align: justify;\">L&#8217;Ajuntament de Cerdanyola del Vall\u00e8s obrir\u00e0 la convocat\u00f2ria de les beques escolars per al curs 2017-2018 el proper dilluns 20 de mar\u00e7. El termini per a presentar les sol\u00b7licituds s&#8217;allargar\u00e0 fins al 24 d&#8217;abril i per a facilitar la tramitaci\u00f3 s&#8217;han distribu\u00eft els centres escolars per <a href=\"http:\/\/www.cerdanyola.cat\/sites\/default\/files\/full_informatiu.pdf\">dates<\/a>. Els ajuts que es poden sol\u00b7licitar s\u00f3n per a menjador escolar, llibres i material escolar, llars d&#8217;infants, col\u00f2nies i sortides de fi de curs que s&#8217;hagin realitzat durant el curs acad\u00e8mic 2016-2017 i per al transport escolar per a l&#8217;alumnat de 4 a 16 anys.<\/p>\n<p style=\"text-align: justify;\">En el cas de les beques de menjador escolar poden sol\u00b7licitar-les l&#8217;alumnat d&#8217;educaci\u00f3 infantil, prim\u00e0ria, secund\u00e0ria, escoles bressol municipals i educaci\u00f3 especial. Els ajuts a llibres i material escolar estan destinats a l&#8217;alumnat d&#8217;educaci\u00f3 infantil, prim\u00e0ria, secund\u00e0ria i educaci\u00f3 especial que en els seus centres els llibres i material no estiguin socialitzats. Les beques per a llars d&#8217;infants estan destinades a l&#8217;alumnat de 0 a 3 anys que assisteixin a les llars d&#8217;infants i escoles bressols autoritzades pel Departament d&#8217;Ensenyament de la Generalitat de Catalunya. Els ajuts per a col\u00f2nies i sortides de fi de curs realitzades durant el curs 2016-17 els poden sol\u00b7licitar l&#8217;alumnat d&#8217;educaci\u00f3 infantil, prim\u00e0ria, secund\u00e0ria, educaci\u00f3 especial de centres p\u00fablics de Cerdanyola.<\/p>\n<p style=\"text-align: justify;\">Les sol\u00b7licituds per a demanar alguna de les modalitats de beques escolars s&#8217;han de presentar a l&#8217;Oficina d&#8217;Atenci\u00f3 Ciutadana en horari de 8:30h a 16:00h en la data que correspongui al centre al que assisteixi l&#8217;alumnat. El 8 de juny es far\u00e0 l&#8217;exposici\u00f3 de les puntuacions provisionals de les sol\u00b7licituds a les depend\u00e8ncies del Servei de Promoci\u00f3 Social (avinguda d&#8217;Espanya, 6 C baixos), El termini de reclamacions ser\u00e0 entre el 9 i el 16 de juny i el 7 de juliol es publicar\u00e0 la puntuaci\u00f3 definitiva.<\/p>\n<hr \/>\n<p><a href=\"http:\/\/www.cerdanyola.cat\/sites\/default\/files\/full_informatiu_0.pdf\">Full informatiu<\/a><\/p>\n<p><a href=\"http:\/\/www.cerdanyola.cat\/accio-social\/beques-escolars\">M\u00e9s informaci\u00f3 al portal municipal<\/a><\/p>\n<p><a href=\"http:\/\/www.cerdanyola.cat\/sites\/default\/files\/sol.licitud_2.pdf\">Document per a sol\u00b7licitar les beques<\/a><\/p>\n<\/div>\n<\/div>\n<\/div>\n<\/div>\n<\/section>\n","protected":false},"excerpt":{"rendered":"<p>El govern municipal t\u00e9 previst destinar 475.000 euros a les beques escolars. L&#8217;Ajuntament de Cerdanyola del Vall\u00e8s obrir\u00e0 la convocat\u00f2ria de les beques escolars per al curs 2017-2018 el proper dilluns 20 de mar\u00e7. El termini per a presentar les sol\u00b7licituds s&#8217;allargar\u00e0 fins al 24 d&#8217;abril i per a facilitar la tramitaci\u00f3 s&#8217;han distribu\u00eft els [&hellip;]<\/p>\n","protected":false},"author":82,"featured_media":1252,"comment_status":"open","ping_status":"open","sticky":false,"template":"","format":"standard","meta":{"_bbp_topic_count":0,"_bbp_reply_count":0,"_bbp_total_topic_count":0,"_bbp_total_reply_count":0,"_bbp_voice_count":0,"_bbp_anonymous_reply_count":0,"_bbp_topic_count_hidden":0,"_bbp_reply_count_hidden":0,"_bbp_forum_subforum_count":0,"site-sidebar-layout":"default","site-content-layout":"","ast-site-content-layout":"","site-content-style":"default","site-sidebar-style":"default","ast-global-header-display":"","ast-banner-title-visibility":"","ast-main-header-display":"","ast-hfb-above-header-display":"","ast-hfb-below-header-display":"","ast-hfb-mobile-header-display":"","site-post-title":"","ast-breadcrumbs-content":"","ast-featured-img":"","footer-sml-layout":"","theme-transparent-header-meta":"","adv-header-id-meta":"","stick-header-meta":"","header-above-stick-meta":"","header-main-stick-meta":"","header-below-stick-meta":"","astra-migrate-meta-layouts":"default","ast-page-background-enabled":"default","ast-page-background-meta":{"desktop":{"background-color":"var(--ast-global-color-4)","background-image":"","background-repeat":"repeat","background-position":"center center","background-size":"auto","background-attachment":"scroll","background-type":"","background-media":"","overlay-type":"","overlay-color":"","overlay-opacity":"","overlay-gradient":""},"tablet":{"background-color":"","background-image":"","background-repeat":"repeat","background-position":"center center","background-size":"auto","background-attachment":"scroll","background-type":"","background-media":"","overlay-type":"","overlay-color":"","overlay-opacity":"","overlay-gradient":""},"mobile":{"background-color":"","background-image":"","background-repeat":"repeat","background-position":"center center","background-size":"auto","background-attachment":"scroll","background-type":"","background-media":"","overlay-type":"","overlay-color":"","overlay-opacity":"","overlay-gradient":""}},"ast-content-background-meta":{"desktop":{"background-color":"var(--ast-global-color-5)","background-image":"","background-repeat":"repeat","background-position":"center center","background-size":"auto","background-attachment":"scroll","background-type":"","background-media":"","overlay-type":"","overlay-color":"","overlay-opacity":"","overlay-gradient":""},"tablet":{"background-color":"var(--ast-global-color-5)","background-image":"","background-repeat":"repeat","background-position":"center center","background-size":"auto","background-attachment":"scroll","background-type":"","background-media":"","overlay-type":"","overlay-color":"","overlay-opacity":"","overlay-gradient":""},"mobile":{"background-color":"var(--ast-global-color-5)","background-image":"","background-repeat":"repeat","background-position":"center center","background-size":"auto","background-attachment":"scroll","background-type":"","background-media":"","overlay-type":"","overlay-color":"","overlay-opacity":"","overlay-gradient":""}},"footnotes":""},"categories":[31,29],"tags":[],"class_list":["post-1249","post","type-post","status-publish","format-standard","has-post-thumbnail","hentry","category-ampa","category-portada"],"post_mailing_queue_ids":[],"_links":{"self":[{"href":"https:\/\/agora.xtec.cat\/ies-gorgs\/wp-json\/wp\/v2\/posts\/1249","targetHints":{"allow":["GET"]}}],"collection":[{"href":"https:\/\/agora.xtec.cat\/ies-gorgs\/wp-json\/wp\/v2\/posts"}],"about":[{"href":"https:\/\/agora.xtec.cat\/ies-gorgs\/wp-json\/wp\/v2\/types\/post"}],"author":[{"embeddable":true,"href":"https:\/\/agora.xtec.cat\/ies-gorgs\/wp-json\/wp\/v2\/users\/82"}],"replies":[{"embeddable":true,"href":"https:\/\/agora.xtec.cat\/ies-gorgs\/wp-json\/wp\/v2\/comments?post=1249"}],"version-history":[{"count":1,"href":"https:\/\/agora.xtec.cat\/ies-gorgs\/wp-json\/wp\/v2\/posts\/1249\/revisions"}],"predecessor-version":[{"id":1250,"href":"https:\/\/agora.xtec.cat\/ies-gorgs\/wp-json\/wp\/v2\/posts\/1249\/revisions\/1250"}],"wp:featuredmedia":[{"embeddable":true,"href":"https:\/\/agora.xtec.cat\/ies-gorgs\/wp-json\/wp\/v2\/media\/1252"}],"wp:attachment":[{"href":"https:\/\/agora.xtec.cat\/ies-gorgs\/wp-json\/wp\/v2\/media?parent=1249"}],"wp:term":[{"taxonomy":"category","embeddable":true,"href":"https:\/\/agora.xtec.cat\/ies-gorgs\/wp-json\/wp\/v2\/categories?post=1249"},{"taxonomy":"post_tag","embeddable":true,"href":"https:\/\/agora.xtec.cat\/ies-gorgs\/wp-json\/wp\/v2\/tags?post=1249"}],"curies":[{"name":"wp","href":"https:\/\/api.w.org\/{rel}","templated":true}]}}