{"id":2620,"date":"2024-11-29T13:30:50","date_gmt":"2024-11-29T12:30:50","guid":{"rendered":"https:\/\/agora.xtec.cat\/ies-eugeni-dors\/?p=2620"},"modified":"2025-05-30T13:10:15","modified_gmt":"2025-05-30T11:10:15","slug":"linstitut-impulsa-la-seva-biblioteca-escolar-gracies-al-plamib","status":"publish","type":"post","link":"https:\/\/agora.xtec.cat\/ies-eugeni-dors\/general\/linstitut-impulsa-la-seva-biblioteca-escolar-gracies-al-plamib\/","title":{"rendered":"L&#8217;institut impulsa la seva biblioteca escolar gr\u00e0cies al Plamib"},"content":{"rendered":"<div><\/div>\n<div>\n<p>L&#8217;institut ha reobert la seva biblioteca escolar com un espai on poder gaudir d&#8217;una estona de jocs de taula o de la lectura durant l&#8217;hora del pati. Aix\u00ed, \u00e9s a disposici\u00f3 de l&#8217;alumnat cada dia, d&#8217;11.30h a 12h.<\/p>\n<p>S&#8217;est\u00e0 treballant per millorar l&#8217;espai, amb l&#8217;habilitaci\u00f3 d&#8217;un rac\u00f3 de lectura on poder llegir d&#8217;una manera m\u00e9s c\u00f3moda i relaxada, i amb nous prestatges, que acolliran les properes adquisicions de llibres. L&#8217;equip impulsor de la biblioteca escolar est\u00e0 catalogant la col\u00b7lecci\u00f3 per a poder iniciar ben aviat el servei de pr\u00e9stec.<\/p>\n<p>A m\u00e9s a m\u00e9s, m\u00e9s de 20 docents del centre participen en una formaci\u00f3 interna que permetr\u00e0 iniciar un pla d&#8217;acci\u00f3 per ajustar el model de biblioteca al marc conceptual que proposa el Plamib, el Pla de millora de les biblioteques escolars impulsat pel Departament d&#8217;Educaci\u00f3, en el qual participa el nostre institut.<\/p>\n<p><strong>#bescat #plamib<\/strong><\/p>\n<p>&nbsp;<\/p>\n<\/div>\n<div><\/div>\n<div><a href=\"https:\/\/agora.xtec.cat\/ies-eugeni-dors\/wp-content\/uploads\/usu222\/2024\/11\/1732881095241-min-scaled.jpg\"><img loading=\"lazy\" decoding=\"async\" class=\"aligncenter size-large wp-image-2621\" src=\"https:\/\/agora.xtec.cat\/ies-eugeni-dors\/wp-content\/uploads\/usu222\/2024\/11\/1732881095241-min-1024x576.jpg\" alt=\"\" width=\"1024\" height=\"576\" srcset=\"https:\/\/agora.xtec.cat\/ies-eugeni-dors\/wp-content\/uploads\/usu222\/2024\/11\/1732881095241-min-1024x576.jpg 1024w, https:\/\/agora.xtec.cat\/ies-eugeni-dors\/wp-content\/uploads\/usu222\/2024\/11\/1732881095241-min-300x169.jpg 300w, https:\/\/agora.xtec.cat\/ies-eugeni-dors\/wp-content\/uploads\/usu222\/2024\/11\/1732881095241-min-768x432.jpg 768w, https:\/\/agora.xtec.cat\/ies-eugeni-dors\/wp-content\/uploads\/usu222\/2024\/11\/1732881095241-min-1536x864.jpg 1536w, https:\/\/agora.xtec.cat\/ies-eugeni-dors\/wp-content\/uploads\/usu222\/2024\/11\/1732881095241-min-2048x1152.jpg 2048w\" sizes=\"auto, (max-width: 1024px) 100vw, 1024px\" \/><\/a><\/div>\n<div><\/div>\n<div><\/div>\n<div><\/div>\n<div><\/div>\n<div><a href=\"https:\/\/agora.xtec.cat\/ies-eugeni-dors\/wp-content\/uploads\/usu222\/2024\/11\/1732881095269-min-scaled.jpg\"><img loading=\"lazy\" decoding=\"async\" class=\"aligncenter size-large wp-image-2622\" src=\"https:\/\/agora.xtec.cat\/ies-eugeni-dors\/wp-content\/uploads\/usu222\/2024\/11\/1732881095269-min-573x1024.jpg\" alt=\"\" width=\"573\" height=\"1024\" srcset=\"https:\/\/agora.xtec.cat\/ies-eugeni-dors\/wp-content\/uploads\/usu222\/2024\/11\/1732881095269-min-573x1024.jpg 573w, https:\/\/agora.xtec.cat\/ies-eugeni-dors\/wp-content\/uploads\/usu222\/2024\/11\/1732881095269-min-168x300.jpg 168w, https:\/\/agora.xtec.cat\/ies-eugeni-dors\/wp-content\/uploads\/usu222\/2024\/11\/1732881095269-min-768x1371.jpg 768w, https:\/\/agora.xtec.cat\/ies-eugeni-dors\/wp-content\/uploads\/usu222\/2024\/11\/1732881095269-min-860x1536.jpg 860w, https:\/\/agora.xtec.cat\/ies-eugeni-dors\/wp-content\/uploads\/usu222\/2024\/11\/1732881095269-min-1147x2048.jpg 1147w, https:\/\/agora.xtec.cat\/ies-eugeni-dors\/wp-content\/uploads\/usu222\/2024\/11\/1732881095269-min-scaled.jpg 1434w\" sizes=\"auto, (max-width: 573px) 100vw, 573px\" \/><\/a><\/div>\n<div><\/div>\n<div><\/div>\n<div><\/div>\n<div><\/div>\n<div><\/div>\n<div><\/div>\n<div><a href=\"https:\/\/agora.xtec.cat\/ies-eugeni-dors\/wp-content\/uploads\/usu222\/2024\/11\/1732881464940-min-scaled.jpg\"><img loading=\"lazy\" decoding=\"async\" class=\"aligncenter size-large wp-image-2623\" src=\"https:\/\/agora.xtec.cat\/ies-eugeni-dors\/wp-content\/uploads\/usu222\/2024\/11\/1732881464940-min-1024x576.jpg\" alt=\"\" width=\"1024\" height=\"576\" srcset=\"https:\/\/agora.xtec.cat\/ies-eugeni-dors\/wp-content\/uploads\/usu222\/2024\/11\/1732881464940-min-1024x576.jpg 1024w, https:\/\/agora.xtec.cat\/ies-eugeni-dors\/wp-content\/uploads\/usu222\/2024\/11\/1732881464940-min-300x169.jpg 300w, https:\/\/agora.xtec.cat\/ies-eugeni-dors\/wp-content\/uploads\/usu222\/2024\/11\/1732881464940-min-768x432.jpg 768w, https:\/\/agora.xtec.cat\/ies-eugeni-dors\/wp-content\/uploads\/usu222\/2024\/11\/1732881464940-min-1536x864.jpg 1536w, https:\/\/agora.xtec.cat\/ies-eugeni-dors\/wp-content\/uploads\/usu222\/2024\/11\/1732881464940-min-2048x1152.jpg 2048w\" sizes=\"auto, (max-width: 1024px) 100vw, 1024px\" \/><\/a><\/div>\n","protected":false},"excerpt":{"rendered":"<p>L&#8217;institut ha reobert la seva biblioteca escolar com un espai on poder gaudir d&#8217;una estona de jocs de taula o de la lectura durant l&#8217;hora del pati. Aix\u00ed, \u00e9s a disposici\u00f3 de l&#8217;alumnat cada dia, d&#8217;11.30h a 12h.<br \/>\nS&#8217;est\u00e0 treballant per millorar l&#8217;espai, amb l&#8217;habilitaci\u00f3 d&#8217;un&hellip;  <a href=\"https:\/\/agora.xtec.cat\/ies-eugeni-dors\/general\/linstitut-impulsa-la-seva-biblioteca-escolar-gracies-al-plamib\/\" title=\"Read L&#8217;institut impulsa la seva biblioteca escolar gr\u00e0cies al Plamib\">Llegeix m\u00e9s\u00bb<\/a><\/p>\n","protected":false},"author":3,"featured_media":2622,"comment_status":"open","ping_status":"closed","sticky":false,"template":"","format":"standard","meta":{"_bbp_topic_count":0,"_bbp_reply_count":0,"_bbp_total_topic_count":0,"_bbp_total_reply_count":0,"_bbp_voice_count":0,"_bbp_anonymous_reply_count":0,"_bbp_topic_count_hidden":0,"_bbp_reply_count_hidden":0,"_bbp_forum_subforum_count":0,"footnotes":""},"categories":[181,1],"tags":[],"class_list":["post-2620","post","type-post","status-publish","format-standard","has-post-thumbnail","hentry","category-biblioteca-escolar","category-general"],"post_mailing_queue_ids":[],"_links":{"self":[{"href":"https:\/\/agora.xtec.cat\/ies-eugeni-dors\/wp-json\/wp\/v2\/posts\/2620","targetHints":{"allow":["GET"]}}],"collection":[{"href":"https:\/\/agora.xtec.cat\/ies-eugeni-dors\/wp-json\/wp\/v2\/posts"}],"about":[{"href":"https:\/\/agora.xtec.cat\/ies-eugeni-dors\/wp-json\/wp\/v2\/types\/post"}],"author":[{"embeddable":true,"href":"https:\/\/agora.xtec.cat\/ies-eugeni-dors\/wp-json\/wp\/v2\/users\/3"}],"replies":[{"embeddable":true,"href":"https:\/\/agora.xtec.cat\/ies-eugeni-dors\/wp-json\/wp\/v2\/comments?post=2620"}],"version-history":[{"count":5,"href":"https:\/\/agora.xtec.cat\/ies-eugeni-dors\/wp-json\/wp\/v2\/posts\/2620\/revisions"}],"predecessor-version":[{"id":2628,"href":"https:\/\/agora.xtec.cat\/ies-eugeni-dors\/wp-json\/wp\/v2\/posts\/2620\/revisions\/2628"}],"wp:featuredmedia":[{"embeddable":true,"href":"https:\/\/agora.xtec.cat\/ies-eugeni-dors\/wp-json\/wp\/v2\/media\/2622"}],"wp:attachment":[{"href":"https:\/\/agora.xtec.cat\/ies-eugeni-dors\/wp-json\/wp\/v2\/media?parent=2620"}],"wp:term":[{"taxonomy":"category","embeddable":true,"href":"https:\/\/agora.xtec.cat\/ies-eugeni-dors\/wp-json\/wp\/v2\/categories?post=2620"},{"taxonomy":"post_tag","embeddable":true,"href":"https:\/\/agora.xtec.cat\/ies-eugeni-dors\/wp-json\/wp\/v2\/tags?post=2620"}],"curies":[{"name":"wp","href":"https:\/\/api.w.org\/{rel}","templated":true}]}}