{"id":1830,"date":"2021-05-30T12:23:41","date_gmt":"2021-05-30T10:23:41","guid":{"rendered":"https:\/\/agora.xtec.cat\/ies-eugeni-dors\/?p=1830"},"modified":"2021-09-02T11:53:59","modified_gmt":"2021-09-02T09:53:59","slug":"xi-marato-de-radio-a-badalona","status":"publish","type":"post","link":"https:\/\/agora.xtec.cat\/ies-eugeni-dors\/actv_antigues\/xi-marato-de-radio-a-badalona\/","title":{"rendered":"XI MARAT\u00d3 DE R\u00c0DIO A BADALONA"},"content":{"rendered":"<p>El passat divendres, 28 de maig, els alumnes de l\u2019institut van participat a la \u201cXI Marat\u00f3 de R\u00e0dio\u201d de Badalona.<\/p>\n<p>Van fer un \u201cPodcast\u201d format per dos contes molt especials a c\u00e0rrec de 1r d\u2019ESO A on apareixia una visi\u00f3 alternativa de la llegenda de Sant Jordi, una an\u00e0lisi liter\u00e0ria de la novel\u00b7la Dr\u00e0cula per part de 2n d\u2019ESO C i, per \u00faltim, els alumnes de 2n d\u2019ESO A van debatre sobre el tema m\u00e9s actual: el coronavirus.<\/p>\n<p>Per altra banda vam comptar amb la col\u00b7laboraci\u00f3 de la Gl\u00f2ria, el Yoseph, la F\u00e0tima, el Carlos, el Ner i el Xavi que han fet de conductors de tota la marat\u00f3, realitzant, d\u2019una manera molt professional, les tasques de presentadores i presentadors.<\/p>\n<blockquote><p>Al v\u00eddeo de Youtube nom\u00e9s veureu la nostra emissi\u00f3 \u201c<em><strong>Entre llibres i tert\u00falies<\/strong><\/em>\u201d que va tenir lloc entre les 9:00 i les 9:15 hores, per\u00f2 si voleu escoltar la Marat\u00f3 sencera ho podeu fer en aquest enlla\u00e7 <a href=\"http:\/\/ja.cat\/maratoradio\">http:\/\/ja.cat\/maratoradio<\/a>.<\/p>\n<p><iframe loading=\"lazy\" src=\"https:\/\/www.youtube.com\/embed\/jy6MyhfO9Xw\" width=\"560\" height=\"315\" frameborder=\"0\"><\/iframe><\/p><\/blockquote>\n","protected":false},"excerpt":{"rendered":"<p>El passat divendres, 28 de maig, els alumnes de l\u2019institut van participat a la \u201cXI Marat\u00f3 de R\u00e0dio\u201d de Badalona.<br \/>\nVan fer un \u201cPodcast\u201d format per dos contes molt especials a c\u00e0rrec de 1r d\u2019ESO A on apareixia una visi\u00f3 alternativa de la llegenda de Sant&hellip;  <a href=\"https:\/\/agora.xtec.cat\/ies-eugeni-dors\/actv_antigues\/xi-marato-de-radio-a-badalona\/\" title=\"Read XI MARAT\u00d3 DE R\u00c0DIO A BADALONA\">Llegeix m\u00e9s\u00bb<\/a><\/p>\n","protected":false},"author":5,"featured_media":1832,"comment_status":"open","ping_status":"closed","sticky":false,"template":"","format":"standard","meta":{"_bbp_topic_count":0,"_bbp_reply_count":0,"_bbp_total_topic_count":0,"_bbp_total_reply_count":0,"_bbp_voice_count":0,"_bbp_anonymous_reply_count":0,"_bbp_topic_count_hidden":0,"_bbp_reply_count_hidden":0,"_bbp_forum_subforum_count":0,"footnotes":""},"categories":[134],"tags":[],"class_list":["post-1830","post","type-post","status-publish","format-standard","has-post-thumbnail","hentry","category-actv_antigues"],"post_mailing_queue_ids":[],"_links":{"self":[{"href":"https:\/\/agora.xtec.cat\/ies-eugeni-dors\/wp-json\/wp\/v2\/posts\/1830","targetHints":{"allow":["GET"]}}],"collection":[{"href":"https:\/\/agora.xtec.cat\/ies-eugeni-dors\/wp-json\/wp\/v2\/posts"}],"about":[{"href":"https:\/\/agora.xtec.cat\/ies-eugeni-dors\/wp-json\/wp\/v2\/types\/post"}],"author":[{"embeddable":true,"href":"https:\/\/agora.xtec.cat\/ies-eugeni-dors\/wp-json\/wp\/v2\/users\/5"}],"replies":[{"embeddable":true,"href":"https:\/\/agora.xtec.cat\/ies-eugeni-dors\/wp-json\/wp\/v2\/comments?post=1830"}],"version-history":[{"count":2,"href":"https:\/\/agora.xtec.cat\/ies-eugeni-dors\/wp-json\/wp\/v2\/posts\/1830\/revisions"}],"predecessor-version":[{"id":1833,"href":"https:\/\/agora.xtec.cat\/ies-eugeni-dors\/wp-json\/wp\/v2\/posts\/1830\/revisions\/1833"}],"wp:featuredmedia":[{"embeddable":true,"href":"https:\/\/agora.xtec.cat\/ies-eugeni-dors\/wp-json\/wp\/v2\/media\/1832"}],"wp:attachment":[{"href":"https:\/\/agora.xtec.cat\/ies-eugeni-dors\/wp-json\/wp\/v2\/media?parent=1830"}],"wp:term":[{"taxonomy":"category","embeddable":true,"href":"https:\/\/agora.xtec.cat\/ies-eugeni-dors\/wp-json\/wp\/v2\/categories?post=1830"},{"taxonomy":"post_tag","embeddable":true,"href":"https:\/\/agora.xtec.cat\/ies-eugeni-dors\/wp-json\/wp\/v2\/tags?post=1830"}],"curies":[{"name":"wp","href":"https:\/\/api.w.org\/{rel}","templated":true}]}}