{"id":3770,"date":"2023-07-31T12:42:31","date_gmt":"2023-07-31T10:42:31","guid":{"rendered":"https:\/\/agora.xtec.cat\/ies-estelaiberica\/?p=3770"},"modified":"2023-09-02T09:40:46","modified_gmt":"2023-09-02T07:40:46","slug":"llista-admesos-2a-fase-cfgm","status":"publish","type":"post","link":"https:\/\/agora.xtec.cat\/ies-estelaiberica\/general\/llista-admesos-2a-fase-cfgm\/","title":{"rendered":"Llista admesos 2a fase CFGM"},"content":{"rendered":"<div>\n<p>Ja podeu veure la llista d&#8217;alumnes admesos i admeses a la segona fase d&#8217;admissi\u00f3 pels Cicles Formatius de Grau Mitj\u00e0 pel pr\u00f2xim curs 2023\/24.<\/p>\n<p><span style=\"font-family: inherit; font-size: 1em;\">EL PER\u00cdODE PER FORMALITZAR LA MATR\u00cdCULA \u00c9S \u00daNICAMENT ELS DIES<\/span><strong style=\"font-family: inherit; font-size: 1em;\"> 4 i 5 DE SETEMBRE.<\/strong><\/p>\n<\/div>\n<div>\n<p><a href=\"https:\/\/sites.google.com\/estelaiberica.com\/secretaria\/preinscripci%C3%B3-i-matricula\/cfgm-preinscripci%C3%B3\" target=\"_blank\" rel=\"noopener\" data-saferedirecturl=\"https:\/\/www.google.com\/url?q=https:\/\/sites.google.com\/estelaiberica.com\/secretaria\/preinscripci%25C3%25B3-i-matricula\/cfgm-preinscripci%25C3%25B3&amp;source=gmail&amp;ust=1690886445231000&amp;usg=AOvVaw3DhEyx0BE0HPU2Vrou58lM\">Feu clic aqu\u00ed per a accedir a m\u00e9s informaci\u00f3<\/a><\/p>\n<\/div>\n<div><a href=\"https:\/\/agora.xtec.cat\/ies-estelaiberica\/wp-content\/uploads\/usu1512\/2023\/07\/CFGM-1.jpg\"><img loading=\"lazy\" decoding=\"async\" class=\"alignnone size-full wp-image-3771\" src=\"https:\/\/agora.xtec.cat\/ies-estelaiberica\/wp-content\/uploads\/usu1512\/2023\/07\/CFGM-1.jpg\" alt=\"\" width=\"288\" height=\"288\" srcset=\"https:\/\/agora.xtec.cat\/ies-estelaiberica\/wp-content\/uploads\/usu1512\/2023\/07\/CFGM-1.jpg 288w, https:\/\/agora.xtec.cat\/ies-estelaiberica\/wp-content\/uploads\/usu1512\/2023\/07\/CFGM-1-150x150.jpg 150w\" sizes=\"auto, (max-width: 288px) 100vw, 288px\" \/><\/a><\/div>\n<div><\/div>\n","protected":false},"excerpt":{"rendered":"<p>Ja podeu veure la llista d&#8217;alumnes admesos i admeses a la segona fase d&#8217;admissi\u00f3 pels Cicles Formatius de Grau Mitj\u00e0 pel pr\u00f2xim curs 2023\/24.<br \/>\nEL PER\u00cdODE PER FORMALITZAR LA MATR\u00cdCULA \u00c9S \u00daNICAMENT ELS DIES 4 i 5 DE SETEMBRE.<\/p>\n<p><a href=\"https:\/\/sites.google.com\/estelaiberica.com\/secretaria\/preinscripci%C3%B3-i-matricula\/cfgm-preinscripci%C3%B3\" target=\"_blank\" rel=\"noopener\" data-saferedirecturl=\"https:\/\/www.google.com\/url?q=https:\/\/sites.google.com\/estelaiberica.com\/secretaria\/preinscripci%25C3%25B3-i-matricula\/cfgm-preinscripci%25C3%25B3&amp;source=gmail&amp;ust=1690886445231000&amp;usg=AOvVaw3DhEyx0BE0HPU2Vrou58lM\">Feu clic aqu\u00ed per&hellip;  <a href=\"https:\/\/agora.xtec.cat\/ies-estelaiberica\/general\/llista-admesos-2a-fase-cfgm\/\" title=\"Read Llista admesos 2a fase CFGM\">Llegeix m\u00e9s\u00bb<\/a><\/p>\n","protected":false},"author":1,"featured_media":0,"comment_status":"open","ping_status":"closed","sticky":false,"template":"","format":"standard","meta":{"_bbp_topic_count":0,"_bbp_reply_count":0,"_bbp_total_topic_count":0,"_bbp_total_reply_count":0,"_bbp_voice_count":0,"_bbp_anonymous_reply_count":0,"_bbp_topic_count_hidden":0,"_bbp_reply_count_hidden":0,"_bbp_forum_subforum_count":0,"footnotes":""},"categories":[1],"tags":[],"class_list":["post-3770","post","type-post","status-publish","format-standard","hentry","category-general"],"post_mailing_queue_ids":[],"_links":{"self":[{"href":"https:\/\/agora.xtec.cat\/ies-estelaiberica\/wp-json\/wp\/v2\/posts\/3770","targetHints":{"allow":["GET"]}}],"collection":[{"href":"https:\/\/agora.xtec.cat\/ies-estelaiberica\/wp-json\/wp\/v2\/posts"}],"about":[{"href":"https:\/\/agora.xtec.cat\/ies-estelaiberica\/wp-json\/wp\/v2\/types\/post"}],"author":[{"embeddable":true,"href":"https:\/\/agora.xtec.cat\/ies-estelaiberica\/wp-json\/wp\/v2\/users\/1"}],"replies":[{"embeddable":true,"href":"https:\/\/agora.xtec.cat\/ies-estelaiberica\/wp-json\/wp\/v2\/comments?post=3770"}],"version-history":[{"count":3,"href":"https:\/\/agora.xtec.cat\/ies-estelaiberica\/wp-json\/wp\/v2\/posts\/3770\/revisions"}],"predecessor-version":[{"id":3777,"href":"https:\/\/agora.xtec.cat\/ies-estelaiberica\/wp-json\/wp\/v2\/posts\/3770\/revisions\/3777"}],"wp:attachment":[{"href":"https:\/\/agora.xtec.cat\/ies-estelaiberica\/wp-json\/wp\/v2\/media?parent=3770"}],"wp:term":[{"taxonomy":"category","embeddable":true,"href":"https:\/\/agora.xtec.cat\/ies-estelaiberica\/wp-json\/wp\/v2\/categories?post=3770"},{"taxonomy":"post_tag","embeddable":true,"href":"https:\/\/agora.xtec.cat\/ies-estelaiberica\/wp-json\/wp\/v2\/tags?post=3770"}],"curies":[{"name":"wp","href":"https:\/\/api.w.org\/{rel}","templated":true}]}}