{"id":3437,"date":"2023-04-29T10:04:08","date_gmt":"2023-04-29T08:04:08","guid":{"rendered":"https:\/\/agora.xtec.cat\/ies-estelaiberica\/?p=3437"},"modified":"2023-05-02T10:05:29","modified_gmt":"2023-05-02T08:05:29","slug":"proces-de-continuitat-pel-curs-23-24-cicles-formatius-de-grau-mitja","status":"publish","type":"post","link":"https:\/\/agora.xtec.cat\/ies-estelaiberica\/general\/proces-de-continuitat-pel-curs-23-24-cicles-formatius-de-grau-mitja\/","title":{"rendered":"Proc\u00e9s de continu\u00eftat pel curs 23\/24 (Cicles Formatius de Grau Mitj\u00e0)"},"content":{"rendered":"<p>Ja podeu consultar la llista provisional de les sol\u00b7licituds admeses i excloses que ha demanat el centre i l&#8217;ensenyament en primera petici\u00f3 per al primer curs de Cicles Formatius de Grau Mitj\u00e0, del proc\u00e9s per a alumnat de continu\u00eftat d&#8217;escolaritzaci\u00f3 del pr\u00f2xim curs 23\/24.<\/p>\n<p><a href=\"https:\/\/sites.google.com\/estelaiberica.com\/secretaria\/preinscripci%C3%B3-i-matricula\/cfgm-preinscripci%C3%B3\" target=\"_blank\" rel=\"noopener\" data-saferedirecturl=\"https:\/\/www.google.com\/url?q=https:\/\/sites.google.com\/estelaiberica.com\/secretaria\/preinscripci%25C3%25B3-i-matricula\/cfgm-preinscripci%25C3%25B3&amp;source=gmail&amp;ust=1683100774006000&amp;usg=AOvVaw1GXfOUryoUYlhvcyHgH2v9\">Feu clic aqu\u00ed per a accedir a m\u00e9s informaci\u00f3<\/a><\/p>\n","protected":false},"excerpt":{"rendered":"<p>Ja podeu consultar la llista provisional de les sol\u00b7licituds admeses i excloses que ha demanat el centre i l&#8217;ensenyament en primera petici\u00f3 per al primer curs de Cicles Formatius de Grau Mitj\u00e0, del proc\u00e9s per a alumnat de continu\u00eftat d&#8217;escolaritzaci\u00f3 del pr\u00f2xim curs 23\/24.<br \/>\n<a href=\"https:\/\/sites.google.com\/estelaiberica.com\/secretaria\/preinscripci%C3%B3-i-matricula\/cfgm-preinscripci%C3%B3\"&hellip;  <a href=\"https:\/\/agora.xtec.cat\/ies-estelaiberica\/general\/proces-de-continuitat-pel-curs-23-24-cicles-formatius-de-grau-mitja\/\" title=\"Read Proc\u00e9s de continu\u00eftat pel curs 23\/24 (Cicles Formatius de Grau Mitj\u00e0)\">Llegeix m\u00e9s\u00bb<\/a><\/p>\n","protected":false},"author":1,"featured_media":0,"comment_status":"open","ping_status":"closed","sticky":false,"template":"","format":"standard","meta":{"_bbp_topic_count":0,"_bbp_reply_count":0,"_bbp_total_topic_count":0,"_bbp_total_reply_count":0,"_bbp_voice_count":0,"_bbp_anonymous_reply_count":0,"_bbp_topic_count_hidden":0,"_bbp_reply_count_hidden":0,"_bbp_forum_subforum_count":0,"footnotes":""},"categories":[1],"tags":[],"class_list":["post-3437","post","type-post","status-publish","format-standard","hentry","category-general"],"post_mailing_queue_ids":[],"_links":{"self":[{"href":"https:\/\/agora.xtec.cat\/ies-estelaiberica\/wp-json\/wp\/v2\/posts\/3437","targetHints":{"allow":["GET"]}}],"collection":[{"href":"https:\/\/agora.xtec.cat\/ies-estelaiberica\/wp-json\/wp\/v2\/posts"}],"about":[{"href":"https:\/\/agora.xtec.cat\/ies-estelaiberica\/wp-json\/wp\/v2\/types\/post"}],"author":[{"embeddable":true,"href":"https:\/\/agora.xtec.cat\/ies-estelaiberica\/wp-json\/wp\/v2\/users\/1"}],"replies":[{"embeddable":true,"href":"https:\/\/agora.xtec.cat\/ies-estelaiberica\/wp-json\/wp\/v2\/comments?post=3437"}],"version-history":[{"count":1,"href":"https:\/\/agora.xtec.cat\/ies-estelaiberica\/wp-json\/wp\/v2\/posts\/3437\/revisions"}],"predecessor-version":[{"id":3438,"href":"https:\/\/agora.xtec.cat\/ies-estelaiberica\/wp-json\/wp\/v2\/posts\/3437\/revisions\/3438"}],"wp:attachment":[{"href":"https:\/\/agora.xtec.cat\/ies-estelaiberica\/wp-json\/wp\/v2\/media?parent=3437"}],"wp:term":[{"taxonomy":"category","embeddable":true,"href":"https:\/\/agora.xtec.cat\/ies-estelaiberica\/wp-json\/wp\/v2\/categories?post=3437"},{"taxonomy":"post_tag","embeddable":true,"href":"https:\/\/agora.xtec.cat\/ies-estelaiberica\/wp-json\/wp\/v2\/tags?post=3437"}],"curies":[{"name":"wp","href":"https:\/\/api.w.org\/{rel}","templated":true}]}}