{"id":1447,"date":"2020-05-04T16:00:54","date_gmt":"2020-05-04T14:00:54","guid":{"rendered":"http:\/\/agora.xtec.cat\/ies-estelaiberica\/?p=1447"},"modified":"2020-05-05T17:50:30","modified_gmt":"2020-05-05T15:50:30","slug":"repte-dia-de-leducacio-fisica","status":"publish","type":"post","link":"https:\/\/agora.xtec.cat\/ies-estelaiberica\/general\/repte-dia-de-leducacio-fisica\/","title":{"rendered":"REPTE &#8220;Dia de l&#8217;Educaci\u00f3 F\u00edsica a Casa&#8221; ACONSEGUIT!"},"content":{"rendered":"<p>Moltes gr\u00e0cies a tots\/es per la vostra participaci\u00f3! Stop wishing. Sart doing.<\/p>\n<p><a href=\"https:\/\/agora.xtec.cat\/ies-estelaiberica\/wp-content\/uploads\/usu1512\/2020\/04\/DEFC-20-2.jpg\"><img loading=\"lazy\" decoding=\"async\" class=\"wp-image-1480 aligncenter\" src=\"https:\/\/agora.xtec.cat\/ies-estelaiberica\/wp-content\/uploads\/usu1512\/2020\/04\/DEFC-20-2-685x1024.jpg\" alt=\"\" width=\"189\" height=\"282\" srcset=\"https:\/\/agora.xtec.cat\/ies-estelaiberica\/wp-content\/uploads\/usu1512\/2020\/04\/DEFC-20-2-685x1024.jpg 685w, https:\/\/agora.xtec.cat\/ies-estelaiberica\/wp-content\/uploads\/usu1512\/2020\/04\/DEFC-20-2-201x300.jpg 201w, https:\/\/agora.xtec.cat\/ies-estelaiberica\/wp-content\/uploads\/usu1512\/2020\/04\/DEFC-20-2-768x1148.jpg 768w, https:\/\/agora.xtec.cat\/ies-estelaiberica\/wp-content\/uploads\/usu1512\/2020\/04\/DEFC-20-2.jpg 1080w\" sizes=\"auto, (max-width: 189px) 100vw, 189px\" \/><\/a><\/p>\n","protected":false},"excerpt":{"rendered":"<p>Moltes gr\u00e0cies a tots\/es per la vostra participaci\u00f3! Stop wishing. Sart doing.<br \/>\n<a href=\"https:\/\/agora.xtec.cat\/ies-estelaiberica\/wp-content\/uploads\/usu1512\/2020\/04\/DEFC-20-2.jpg\"><\/a><\/p>\n","protected":false},"author":1,"featured_media":0,"comment_status":"open","ping_status":"closed","sticky":false,"template":"","format":"standard","meta":{"_bbp_topic_count":0,"_bbp_reply_count":0,"_bbp_total_topic_count":0,"_bbp_total_reply_count":0,"_bbp_voice_count":0,"_bbp_anonymous_reply_count":0,"_bbp_topic_count_hidden":0,"_bbp_reply_count_hidden":0,"_bbp_forum_subforum_count":0,"footnotes":""},"categories":[1,29],"tags":[],"class_list":["post-1447","post","type-post","status-publish","format-standard","hentry","category-general","category-portada"],"post_mailing_queue_ids":[],"_links":{"self":[{"href":"https:\/\/agora.xtec.cat\/ies-estelaiberica\/wp-json\/wp\/v2\/posts\/1447","targetHints":{"allow":["GET"]}}],"collection":[{"href":"https:\/\/agora.xtec.cat\/ies-estelaiberica\/wp-json\/wp\/v2\/posts"}],"about":[{"href":"https:\/\/agora.xtec.cat\/ies-estelaiberica\/wp-json\/wp\/v2\/types\/post"}],"author":[{"embeddable":true,"href":"https:\/\/agora.xtec.cat\/ies-estelaiberica\/wp-json\/wp\/v2\/users\/1"}],"replies":[{"embeddable":true,"href":"https:\/\/agora.xtec.cat\/ies-estelaiberica\/wp-json\/wp\/v2\/comments?post=1447"}],"version-history":[{"count":4,"href":"https:\/\/agora.xtec.cat\/ies-estelaiberica\/wp-json\/wp\/v2\/posts\/1447\/revisions"}],"predecessor-version":[{"id":1482,"href":"https:\/\/agora.xtec.cat\/ies-estelaiberica\/wp-json\/wp\/v2\/posts\/1447\/revisions\/1482"}],"wp:attachment":[{"href":"https:\/\/agora.xtec.cat\/ies-estelaiberica\/wp-json\/wp\/v2\/media?parent=1447"}],"wp:term":[{"taxonomy":"category","embeddable":true,"href":"https:\/\/agora.xtec.cat\/ies-estelaiberica\/wp-json\/wp\/v2\/categories?post=1447"},{"taxonomy":"post_tag","embeddable":true,"href":"https:\/\/agora.xtec.cat\/ies-estelaiberica\/wp-json\/wp\/v2\/tags?post=1447"}],"curies":[{"name":"wp","href":"https:\/\/api.w.org\/{rel}","templated":true}]}}