{"id":7332,"date":"2026-09-03T13:04:05","date_gmt":"2026-09-03T11:04:05","guid":{"rendered":"https:\/\/agora.xtec.cat\/ies-estatut\/?p=7332"},"modified":"2026-09-03T13:08:05","modified_gmt":"2026-09-03T11:08:05","slug":"gestio-de-la-cua-virtual-de-les-places-vacants-dfp-del-setembre","status":"publish","type":"post","link":"https:\/\/agora.xtec.cat\/ies-estatut\/portada\/gestio-de-la-cua-virtual-de-les-places-vacants-dfp-del-setembre\/","title":{"rendered":"Gesti\u00f3 de la cua virtual de les places vacants d\u2019FP del setembre"},"content":{"rendered":"<p>A partir d&#8217;aquest curs, el Departament d&#8217;Educaci\u00f3 i Formaci\u00f3 professional ha habilitat el mecanisme de cua virtual per poder accedir a les vacants dels estudis d&#8217;FP dels diferents centres.<\/p>\n<p>La cua virtual \u00e9s \u00fanica per a cada centre educatiu i per a cada tipus d\u2019ensenyament (grau mitj\u00e0 i grau superior); per tant, no s\u2019estableixen cues diferenciades per a cada cicle formatiu. Les persones interessades s\u00f3n ateses seguint estrictament l\u2019ordre cronol\u00f2gic d\u2019inscripci\u00f3 a la cua virtual del centre.<\/p>\n<p>L\u2019alumnat es pot inscriure a la cua virtual de qualsevol centre que disposi de vacants i, si ho considera oport\u00fa, tamb\u00e9 pot inscriure\u2019s simult\u00e0niament a les cues d\u2019altres centres.<\/p>\n<p>El centre contactar\u00e0 directament amb l\u2019alumnat i l\u2019atendr\u00e0 d\u2019acord amb l\u2019ordre establert a la cua.<\/p>\n<p>La posici\u00f3 a la cua determina \u00fanicament l\u2019ordre d\u2019atenci\u00f3 i no garanteix l\u2019obtenci\u00f3 d\u2019una pla\u00e7a determinada.<\/p>\n<p><strong>La inscripci\u00f3 de l\u2019alumnat a la cua virtual s\u2019activar\u00e0 de manera centralitzada i simult\u00e0nia per a tots els centres participants durant el dia 7 de setembre de 2026, exclusivament. L&#8217;enlla\u00e7 per la cua de l&#8217;Institut Estatut \u00e9s <a href=\"https:\/\/aplicacions.gestioeducativa.gencat.cat\/ords\/pls\/apex\/f?p=20160079072543618:650:::NO:650:P650_CENTRE:950279C726C63CE2971913311A5064F85AAD3340591D14B5\"><span style=\"text-decoration: underline;\">aquest<\/span><\/a>.\u00a0<\/strong><\/p>\n<p>Podeu trobar m\u00e9s informaci\u00f3 de les vacants i d&#8217;aquest proc\u00e9s al web https:\/\/preinscripcio.gencat.cat\/ca\/inici\/<\/p>\n","protected":false},"excerpt":{"rendered":"<p>A partir d&#8217;aquest curs, el Departament d&#8217;Educaci\u00f3 i Formaci\u00f3 professional ha habilitat el mecanisme de cua virtual per poder accedir a les vacants dels estudis d&#8217;FP dels diferents centres.<br \/>\nLa cua virtual \u00e9s \u00fanica per a cada centre educatiu i per a cada tipus d\u2019ensenyament (grau&hellip;  <a href=\"https:\/\/agora.xtec.cat\/ies-estatut\/portada\/gestio-de-la-cua-virtual-de-les-places-vacants-dfp-del-setembre\/\" title=\"Read Gesti\u00f3 de la cua virtual de les places vacants d\u2019FP del setembre\">Llegeix m\u00e9s\u00bb<\/a><\/p>\n","protected":false},"author":5,"featured_media":0,"comment_status":"open","ping_status":"open","sticky":false,"template":"","format":"standard","meta":{"_bbp_topic_count":0,"_bbp_reply_count":0,"_bbp_total_topic_count":0,"_bbp_total_reply_count":0,"_bbp_voice_count":0,"_bbp_anonymous_reply_count":0,"_bbp_topic_count_hidden":0,"_bbp_reply_count_hidden":0,"_bbp_forum_subforum_count":0,"footnotes":""},"categories":[30,29],"tags":[],"class_list":["post-7332","post","type-post","status-publish","format-standard","hentry","category-cicles-formatius","category-portada"],"post_mailing_queue_ids":[],"_links":{"self":[{"href":"https:\/\/agora.xtec.cat\/ies-estatut\/wp-json\/wp\/v2\/posts\/7332","targetHints":{"allow":["GET"]}}],"collection":[{"href":"https:\/\/agora.xtec.cat\/ies-estatut\/wp-json\/wp\/v2\/posts"}],"about":[{"href":"https:\/\/agora.xtec.cat\/ies-estatut\/wp-json\/wp\/v2\/types\/post"}],"author":[{"embeddable":true,"href":"https:\/\/agora.xtec.cat\/ies-estatut\/wp-json\/wp\/v2\/users\/5"}],"replies":[{"embeddable":true,"href":"https:\/\/agora.xtec.cat\/ies-estatut\/wp-json\/wp\/v2\/comments?post=7332"}],"version-history":[{"count":3,"href":"https:\/\/agora.xtec.cat\/ies-estatut\/wp-json\/wp\/v2\/posts\/7332\/revisions"}],"predecessor-version":[{"id":7337,"href":"https:\/\/agora.xtec.cat\/ies-estatut\/wp-json\/wp\/v2\/posts\/7332\/revisions\/7337"}],"wp:attachment":[{"href":"https:\/\/agora.xtec.cat\/ies-estatut\/wp-json\/wp\/v2\/media?parent=7332"}],"wp:term":[{"taxonomy":"category","embeddable":true,"href":"https:\/\/agora.xtec.cat\/ies-estatut\/wp-json\/wp\/v2\/categories?post=7332"},{"taxonomy":"post_tag","embeddable":true,"href":"https:\/\/agora.xtec.cat\/ies-estatut\/wp-json\/wp\/v2\/tags?post=7332"}],"curies":[{"name":"wp","href":"https:\/\/api.w.org\/{rel}","templated":true}]}}