{"id":7181,"date":"2026-06-25T08:00:02","date_gmt":"2026-06-25T06:00:02","guid":{"rendered":"https:\/\/agora.xtec.cat\/ies-estatut\/?p=7181"},"modified":"2026-06-25T01:14:42","modified_gmt":"2026-06-24T23:14:42","slug":"erasmus-docents-bologna-fent-jobshadowing-a-lestatut","status":"publish","type":"post","link":"https:\/\/agora.xtec.cat\/ies-estatut\/portada\/erasmus-docents-bologna-fent-jobshadowing-a-lestatut\/","title":{"rendered":"Erasmus+ Docents Bologna fent Jobshadowing a L\u2019Estatut"},"content":{"rendered":"<p align=\"justify\">La setmana del 19 de juny quatre coordinadors: Fabio, Sara, Micaela i Cora de <b>la ASSOCIAZIONE EMILIANO-ROMAGNOLA DI CENTRI AUTONOMI DI FORMAZIONE PROFESSIONALE (A.E.C.A)<\/b> van vindre a fer un jobshadowing al nostre institut<b> <\/b> amb una de les mobilitats Erasmus+.<\/p>\n<p align=\"justify\">L&#8217;AECA reuneix 13 institucions de formaci\u00f3 professional a l&#8217;Em\u00edlia-Romanya, totes patrocinades per organitzacions d&#8217;inspiraci\u00f3 cristiana amb arrels centen\u00e0ries.<\/p>\n<p align=\"justify\">A trav\u00e9s de les activitats dels seus centres membres, l&#8217;AECA facilita l&#8217;entrada al mercat laboral de persones pertanyents a grups socials desfavorits o marginats.<\/p>\n<p align=\"justify\">Els cursos que ofereixen els centres de l&#8217;AECA permeten a aquells que han de fer front a processos de producci\u00f3 en r\u00e0pida evoluci\u00f3 desenvolupar i mantenir les seves habilitats professionals.<\/p>\n<p align=\"justify\"><img loading=\"lazy\" decoding=\"async\" class=\"aligncenter size-full wp-image-7182\" src=\"https:\/\/agora.xtec.cat\/ies-estatut\/wp-content\/uploads\/usu435\/2026\/06\/image1.jpg\" alt=\"\" width=\"2048\" height=\"1536\" srcset=\"https:\/\/agora.xtec.cat\/ies-estatut\/wp-content\/uploads\/usu435\/2026\/06\/image1.jpg 2048w, https:\/\/agora.xtec.cat\/ies-estatut\/wp-content\/uploads\/usu435\/2026\/06\/image1-300x225.jpg 300w, https:\/\/agora.xtec.cat\/ies-estatut\/wp-content\/uploads\/usu435\/2026\/06\/image1-1024x768.jpg 1024w, https:\/\/agora.xtec.cat\/ies-estatut\/wp-content\/uploads\/usu435\/2026\/06\/image1-768x576.jpg 768w, https:\/\/agora.xtec.cat\/ies-estatut\/wp-content\/uploads\/usu435\/2026\/06\/image1-1536x1152.jpg 1536w, https:\/\/agora.xtec.cat\/ies-estatut\/wp-content\/uploads\/usu435\/2026\/06\/image1-200x150.jpg 200w\" sizes=\"auto, (max-width: 2048px) 100vw, 2048px\" \/><\/p>\n<p align=\"justify\">L&#8217;experi\u00e8ncia va ser molt enriquidora i van poder intercanviar funcionament, metodologies i bones pr\u00e0ctiques als tres dies que van estar entre nosaltres. El primer dia vam parlar sobre els sistemes educatius d\u2019iT\u00c0LIA on van poder veure que s\u00f3n molt semblants i que les diferents problem\u00e0tiques i reptes educatius tamb\u00e9 s\u00f3n molt semblants. Posteriorment, vam fer una visita a les instal\u00b7lacions del nostre centre on van poder veure la gran peculiaritat que t\u00e9 el nostre centre on tenim unes runes romanes (lacus) ubicades a la classe de pl\u00e0stica.<\/p>\n<p align=\"justify\"><img loading=\"lazy\" decoding=\"async\" class=\"aligncenter size-full wp-image-7183\" src=\"https:\/\/agora.xtec.cat\/ies-estatut\/wp-content\/uploads\/usu435\/2026\/06\/image2-1.jpg\" alt=\"\" width=\"2048\" height=\"1536\" srcset=\"https:\/\/agora.xtec.cat\/ies-estatut\/wp-content\/uploads\/usu435\/2026\/06\/image2-1.jpg 2048w, https:\/\/agora.xtec.cat\/ies-estatut\/wp-content\/uploads\/usu435\/2026\/06\/image2-1-300x225.jpg 300w, https:\/\/agora.xtec.cat\/ies-estatut\/wp-content\/uploads\/usu435\/2026\/06\/image2-1-1024x768.jpg 1024w, https:\/\/agora.xtec.cat\/ies-estatut\/wp-content\/uploads\/usu435\/2026\/06\/image2-1-768x576.jpg 768w, https:\/\/agora.xtec.cat\/ies-estatut\/wp-content\/uploads\/usu435\/2026\/06\/image2-1-1536x1152.jpg 1536w, https:\/\/agora.xtec.cat\/ies-estatut\/wp-content\/uploads\/usu435\/2026\/06\/image2-1-200x150.jpg 200w\" sizes=\"auto, (max-width: 2048px) 100vw, 2048px\" \/><\/p>\n<p align=\"justify\">Per recuperar vam dinar a la cantina del nostre centre i poder comprovar la bona cuina que ens prepara la Vane.<\/p>\n<p align=\"justify\"><img loading=\"lazy\" decoding=\"async\" class=\"aligncenter size-full wp-image-7184\" src=\"https:\/\/agora.xtec.cat\/ies-estatut\/wp-content\/uploads\/usu435\/2026\/06\/image5-1.jpg\" alt=\"\" width=\"2048\" height=\"1536\" srcset=\"https:\/\/agora.xtec.cat\/ies-estatut\/wp-content\/uploads\/usu435\/2026\/06\/image5-1.jpg 2048w, https:\/\/agora.xtec.cat\/ies-estatut\/wp-content\/uploads\/usu435\/2026\/06\/image5-1-300x225.jpg 300w, https:\/\/agora.xtec.cat\/ies-estatut\/wp-content\/uploads\/usu435\/2026\/06\/image5-1-1024x768.jpg 1024w, https:\/\/agora.xtec.cat\/ies-estatut\/wp-content\/uploads\/usu435\/2026\/06\/image5-1-768x576.jpg 768w, https:\/\/agora.xtec.cat\/ies-estatut\/wp-content\/uploads\/usu435\/2026\/06\/image5-1-1536x1152.jpg 1536w, https:\/\/agora.xtec.cat\/ies-estatut\/wp-content\/uploads\/usu435\/2026\/06\/image5-1-200x150.jpg 200w\" sizes=\"auto, (max-width: 2048px) 100vw, 2048px\" \/><\/p>\n<p align=\"justify\">Al segon dia vam fer una taula de treball on vam exposar les metodologies que fem servir als nostres cicles i vam anar a l\u2019institut La Serrea de Rub\u00ed on vam poder visitar els diferents tallers que les fam\u00edlies d\u2019Imatge Personal i Serveis sociculturals i a la comunitat guiats per la coordinadora de mobilitat d\u2019aquest institut (Gr\u00e0cies M\u00f2nica).<\/p>\n<p align=\"justify\"><img loading=\"lazy\" decoding=\"async\" class=\"aligncenter size-full wp-image-7185\" src=\"https:\/\/agora.xtec.cat\/ies-estatut\/wp-content\/uploads\/usu435\/2026\/06\/image3-1.jpg\" alt=\"\" width=\"2048\" height=\"1536\" srcset=\"https:\/\/agora.xtec.cat\/ies-estatut\/wp-content\/uploads\/usu435\/2026\/06\/image3-1.jpg 2048w, https:\/\/agora.xtec.cat\/ies-estatut\/wp-content\/uploads\/usu435\/2026\/06\/image3-1-300x225.jpg 300w, https:\/\/agora.xtec.cat\/ies-estatut\/wp-content\/uploads\/usu435\/2026\/06\/image3-1-1024x768.jpg 1024w, https:\/\/agora.xtec.cat\/ies-estatut\/wp-content\/uploads\/usu435\/2026\/06\/image3-1-768x576.jpg 768w, https:\/\/agora.xtec.cat\/ies-estatut\/wp-content\/uploads\/usu435\/2026\/06\/image3-1-1536x1152.jpg 1536w, https:\/\/agora.xtec.cat\/ies-estatut\/wp-content\/uploads\/usu435\/2026\/06\/image3-1-200x150.jpg 200w\" sizes=\"auto, (max-width: 2048px) 100vw, 2048px\" \/><\/p>\n<p align=\"justify\">L\u2019\u00faltim dia estava dedicat a la cultura catalana i gr\u00e0cies a Eva Fancelli ( Professora d\u2019angl\u00e8s de cicles i Historiadora de formaci\u00f3) vam anar a les parts m\u00e9s emblem\u00e0tiques del Born on ens va explicar com estaven formats aquests carrers al passat. Posteriorment vam anar al Museu Picasso de Barcelona on vam poder admirar algunes de les obres m\u00e9s representatives d\u2019aquest artista universal.<\/p>\n<p align=\"justify\">Aix\u00ed mateix, vam fer un recorregut pel Barri G\u00f2tic, Palau de la m\u00fasica, Bas\u00edlica Santa Maria del Mar.<\/p>\n<p align=\"justify\"><img loading=\"lazy\" decoding=\"async\" class=\"aligncenter size-full wp-image-7186\" src=\"https:\/\/agora.xtec.cat\/ies-estatut\/wp-content\/uploads\/usu435\/2026\/06\/image4-2.jpg\" alt=\"\" width=\"2048\" height=\"1536\" srcset=\"https:\/\/agora.xtec.cat\/ies-estatut\/wp-content\/uploads\/usu435\/2026\/06\/image4-2.jpg 2048w, https:\/\/agora.xtec.cat\/ies-estatut\/wp-content\/uploads\/usu435\/2026\/06\/image4-2-300x225.jpg 300w, https:\/\/agora.xtec.cat\/ies-estatut\/wp-content\/uploads\/usu435\/2026\/06\/image4-2-1024x768.jpg 1024w, https:\/\/agora.xtec.cat\/ies-estatut\/wp-content\/uploads\/usu435\/2026\/06\/image4-2-768x576.jpg 768w, https:\/\/agora.xtec.cat\/ies-estatut\/wp-content\/uploads\/usu435\/2026\/06\/image4-2-1536x1152.jpg 1536w, https:\/\/agora.xtec.cat\/ies-estatut\/wp-content\/uploads\/usu435\/2026\/06\/image4-2-200x150.jpg 200w\" sizes=\"auto, (max-width: 2048px) 100vw, 2048px\" \/><\/p>\n<p align=\"justify\">\n","protected":false},"excerpt":{"rendered":"<p>La setmana del 19 de juny quatre coordinadors: Fabio, Sara, Micaela i Cora de la ASSOCIAZIONE EMILIANO-ROMAGNOLA DI CENTRI AUTONOMI DI FORMAZIONE PROFESSIONALE (A.E.C.A) van vindre a fer un jobshadowing al nostre institut  amb una de les mobilitats Erasmus+.<br \/>\nL&#8217;AECA reuneix 13 institucions de formaci\u00f3&hellip;  <a href=\"https:\/\/agora.xtec.cat\/ies-estatut\/portada\/erasmus-docents-bologna-fent-jobshadowing-a-lestatut\/\" title=\"Read Erasmus+ Docents Bologna fent Jobshadowing a L\u2019Estatut\">Llegeix m\u00e9s\u00bb<\/a><\/p>\n","protected":false},"author":6,"featured_media":0,"comment_status":"open","ping_status":"open","sticky":false,"template":"","format":"standard","meta":{"_bbp_topic_count":0,"_bbp_reply_count":0,"_bbp_total_topic_count":0,"_bbp_total_reply_count":0,"_bbp_voice_count":0,"_bbp_anonymous_reply_count":0,"_bbp_topic_count_hidden":0,"_bbp_reply_count_hidden":0,"_bbp_forum_subforum_count":0,"footnotes":""},"categories":[30,248,158,29],"tags":[],"class_list":["post-7181","post","type-post","status-publish","format-standard","hentry","category-cicles-formatius","category-erasmusplus","category-intercanvi","category-portada"],"post_mailing_queue_ids":[],"_links":{"self":[{"href":"https:\/\/agora.xtec.cat\/ies-estatut\/wp-json\/wp\/v2\/posts\/7181","targetHints":{"allow":["GET"]}}],"collection":[{"href":"https:\/\/agora.xtec.cat\/ies-estatut\/wp-json\/wp\/v2\/posts"}],"about":[{"href":"https:\/\/agora.xtec.cat\/ies-estatut\/wp-json\/wp\/v2\/types\/post"}],"author":[{"embeddable":true,"href":"https:\/\/agora.xtec.cat\/ies-estatut\/wp-json\/wp\/v2\/users\/6"}],"replies":[{"embeddable":true,"href":"https:\/\/agora.xtec.cat\/ies-estatut\/wp-json\/wp\/v2\/comments?post=7181"}],"version-history":[{"count":2,"href":"https:\/\/agora.xtec.cat\/ies-estatut\/wp-json\/wp\/v2\/posts\/7181\/revisions"}],"predecessor-version":[{"id":7188,"href":"https:\/\/agora.xtec.cat\/ies-estatut\/wp-json\/wp\/v2\/posts\/7181\/revisions\/7188"}],"wp:attachment":[{"href":"https:\/\/agora.xtec.cat\/ies-estatut\/wp-json\/wp\/v2\/media?parent=7181"}],"wp:term":[{"taxonomy":"category","embeddable":true,"href":"https:\/\/agora.xtec.cat\/ies-estatut\/wp-json\/wp\/v2\/categories?post=7181"},{"taxonomy":"post_tag","embeddable":true,"href":"https:\/\/agora.xtec.cat\/ies-estatut\/wp-json\/wp\/v2\/tags?post=7181"}],"curies":[{"name":"wp","href":"https:\/\/api.w.org\/{rel}","templated":true}]}}