{"id":6977,"date":"2026-04-24T19:20:20","date_gmt":"2026-04-24T17:20:20","guid":{"rendered":"https:\/\/agora.xtec.cat\/ies-estatut\/?p=6977"},"modified":"2026-04-24T19:20:20","modified_gmt":"2026-04-24T17:20:20","slug":"publicacio-dels-finalistes-de-la-i-hackathon","status":"publish","type":"post","link":"https:\/\/agora.xtec.cat\/ies-estatut\/general\/publicacio-dels-finalistes-de-la-i-hackathon\/","title":{"rendered":"Publicaci\u00f3 dels finalistes de la I Hackathon"},"content":{"rendered":"<h1><\/h1>\n<p>&nbsp;<\/p>\n<h1>Resum de la jornada<\/h1>\n<p>El passat dimecres dia 8 d&#8217;abril es va celebrar la <strong>primera edici\u00f3 de la Hackathon d&#8217;IA generativa de l&#8217;Estatut<\/strong>. Va ser una jornada en qu\u00e8, tant l&#8217;alumnat de primer com de segon de cicle superior, va gaudir d&#8217;una tarda de resoluci\u00f3 de problemes reals amb eines d&#8217;intel\u00b7lig\u00e8ncia artificial generativa.<\/p>\n<p><img loading=\"lazy\" decoding=\"async\" class=\"aligncenter size-full wp-image-6978\" src=\"https:\/\/agora.xtec.cat\/ies-estatut\/wp-content\/uploads\/usu435\/2026\/04\/hackathon.jpg\" alt=\"Grup de 2n d'ASIX durant la jornada\" width=\"2000\" height=\"580\" srcset=\"https:\/\/agora.xtec.cat\/ies-estatut\/wp-content\/uploads\/usu435\/2026\/04\/hackathon.jpg 2000w, https:\/\/agora.xtec.cat\/ies-estatut\/wp-content\/uploads\/usu435\/2026\/04\/hackathon-300x87.jpg 300w, https:\/\/agora.xtec.cat\/ies-estatut\/wp-content\/uploads\/usu435\/2026\/04\/hackathon-1024x297.jpg 1024w, https:\/\/agora.xtec.cat\/ies-estatut\/wp-content\/uploads\/usu435\/2026\/04\/hackathon-768x223.jpg 768w, https:\/\/agora.xtec.cat\/ies-estatut\/wp-content\/uploads\/usu435\/2026\/04\/hackathon-1536x445.jpg 1536w\" sizes=\"auto, (max-width: 2000px) 100vw, 2000px\" \/><\/p>\n<p style=\"text-align: center;\"><em>Grup de 2n d&#8217;ASIX durant la jornada<\/em><\/p>\n<p>La jornada es va dividir en <strong>dues parts<\/strong>: una primera part on s&#8217;<strong>aprenia<\/strong> a utilitzar l&#8217;eina amb la qual generar solucions d&#8217;IA, Amazon PartyRock, s&#8217;<strong>analitzaven<\/strong> els problemes plantejats i es <strong>creaven<\/strong> els grups de treball. I una segona part on cada grup <strong>desenvolupava<\/strong> l&#8217;aplicaci\u00f3 que donava soluci\u00f3 al problema escollit.<\/p>\n<p><img loading=\"lazy\" decoding=\"async\" class=\"aligncenter size-full wp-image-6979\" src=\"https:\/\/agora.xtec.cat\/ies-estatut\/wp-content\/uploads\/usu435\/2026\/04\/Captura-de-pantalla-2026-04-24-185652.png\" alt=\"Fragment d'una de les aplicacions finalistes\" width=\"1637\" height=\"668\" srcset=\"https:\/\/agora.xtec.cat\/ies-estatut\/wp-content\/uploads\/usu435\/2026\/04\/Captura-de-pantalla-2026-04-24-185652.png 1637w, https:\/\/agora.xtec.cat\/ies-estatut\/wp-content\/uploads\/usu435\/2026\/04\/Captura-de-pantalla-2026-04-24-185652-300x122.png 300w, https:\/\/agora.xtec.cat\/ies-estatut\/wp-content\/uploads\/usu435\/2026\/04\/Captura-de-pantalla-2026-04-24-185652-1024x418.png 1024w, https:\/\/agora.xtec.cat\/ies-estatut\/wp-content\/uploads\/usu435\/2026\/04\/Captura-de-pantalla-2026-04-24-185652-768x313.png 768w, https:\/\/agora.xtec.cat\/ies-estatut\/wp-content\/uploads\/usu435\/2026\/04\/Captura-de-pantalla-2026-04-24-185652-1536x627.png 1536w\" sizes=\"auto, (max-width: 1637px) 100vw, 1637px\" \/><\/p>\n<p style=\"text-align: center;\"><em>Fragment d&#8217;una de les aplicacions finalistes<\/em><\/p>\n<h2><\/h2>\n<p>&nbsp;<\/p>\n<h1>Finalistes<\/h1>\n<p>Un cop entregades les aplicacions, un jurat de cinc professors les va analitzar i es van escollir als seg\u00fcents finalistes (en ordre alfab\u00e8tic):<\/p>\n<ul>\n<li><span data-sheets-root=\"1\"><strong>IAplica<\/strong> (Assistent d&#8217;aspiracions professionals a partir d&#8217;un CV)<\/span><\/li>\n<li><span data-sheets-root=\"1\"><strong>Ingenieros emocionales<\/strong> (Entrenador per comercials d&#8217;assegurances)<\/span><\/li>\n<li><span data-sheets-root=\"1\"><strong>JarraThon<\/strong> (Analitzador de compatibilitat entre CV i ofertes de treball)<\/span><\/li>\n<li><span data-sheets-root=\"1\"><strong>Massadoro<\/strong> (Analista competencial i cercador d&#8217;ofertes de treball adaptades)<\/span><\/li>\n<li><span data-sheets-root=\"1\"><strong>McAdmin Devs<\/strong> (Tutor de programaci\u00f3)<\/span><\/li>\n<\/ul>\n<p>&nbsp;<\/p>\n<p>Des de l&#8217;Estatut, us donem l&#8217;<strong>enhorabona<\/strong> a tots els <strong>grups finalistes<\/strong> i tamb\u00e9 us volem donar les <strong>gr\u00e0cies<\/strong> a tots aquells de vosaltres que vau <strong>participar en la jornada<\/strong>.<\/p>\n<p>Estigueu molt atents la <strong>pr\u00f2xima setmana<\/strong>, ja que coneixereu quins seran els <strong>tres grups guanyadors<\/strong> dins d&#8217;aquests finalistes.<\/p>\n","protected":false},"excerpt":{"rendered":"<p>&nbsp;<br \/>\nResum de la jornada<br \/>\nEl passat dimecres dia 8 d&#8217;abril es va celebrar la primera edici\u00f3 de la Hackathon d&#8217;IA generativa de l&#8217;Estatut. Va ser una jornada en qu\u00e8, tant l&#8217;alumnat de primer com de segon de cicle superior, va gaudir d&#8217;una tarda de resoluci\u00f3 de&hellip;  <a href=\"https:\/\/agora.xtec.cat\/ies-estatut\/general\/publicacio-dels-finalistes-de-la-i-hackathon\/\" title=\"Read Publicaci\u00f3 dels finalistes de la I Hackathon\">Llegeix m\u00e9s\u00bb<\/a><\/p>\n","protected":false},"author":6,"featured_media":6978,"comment_status":"open","ping_status":"open","sticky":false,"template":"","format":"standard","meta":{"_bbp_topic_count":0,"_bbp_reply_count":0,"_bbp_total_topic_count":0,"_bbp_total_reply_count":0,"_bbp_voice_count":0,"_bbp_anonymous_reply_count":0,"_bbp_topic_count_hidden":0,"_bbp_reply_count_hidden":0,"_bbp_forum_subforum_count":0,"footnotes":""},"categories":[30,1,29],"tags":[],"class_list":["post-6977","post","type-post","status-publish","format-standard","has-post-thumbnail","hentry","category-cicles-formatius","category-general","category-portada"],"post_mailing_queue_ids":[],"_links":{"self":[{"href":"https:\/\/agora.xtec.cat\/ies-estatut\/wp-json\/wp\/v2\/posts\/6977","targetHints":{"allow":["GET"]}}],"collection":[{"href":"https:\/\/agora.xtec.cat\/ies-estatut\/wp-json\/wp\/v2\/posts"}],"about":[{"href":"https:\/\/agora.xtec.cat\/ies-estatut\/wp-json\/wp\/v2\/types\/post"}],"author":[{"embeddable":true,"href":"https:\/\/agora.xtec.cat\/ies-estatut\/wp-json\/wp\/v2\/users\/6"}],"replies":[{"embeddable":true,"href":"https:\/\/agora.xtec.cat\/ies-estatut\/wp-json\/wp\/v2\/comments?post=6977"}],"version-history":[{"count":6,"href":"https:\/\/agora.xtec.cat\/ies-estatut\/wp-json\/wp\/v2\/posts\/6977\/revisions"}],"predecessor-version":[{"id":6987,"href":"https:\/\/agora.xtec.cat\/ies-estatut\/wp-json\/wp\/v2\/posts\/6977\/revisions\/6987"}],"wp:featuredmedia":[{"embeddable":true,"href":"https:\/\/agora.xtec.cat\/ies-estatut\/wp-json\/wp\/v2\/media\/6978"}],"wp:attachment":[{"href":"https:\/\/agora.xtec.cat\/ies-estatut\/wp-json\/wp\/v2\/media?parent=6977"}],"wp:term":[{"taxonomy":"category","embeddable":true,"href":"https:\/\/agora.xtec.cat\/ies-estatut\/wp-json\/wp\/v2\/categories?post=6977"},{"taxonomy":"post_tag","embeddable":true,"href":"https:\/\/agora.xtec.cat\/ies-estatut\/wp-json\/wp\/v2\/tags?post=6977"}],"curies":[{"name":"wp","href":"https:\/\/api.w.org\/{rel}","templated":true}]}}