{"id":4271,"date":"2023-06-12T12:24:22","date_gmt":"2023-06-12T10:24:22","guid":{"rendered":"https:\/\/agora.xtec.cat\/ies-estatut\/?p=4271"},"modified":"2023-06-15T09:57:18","modified_gmt":"2023-06-15T07:57:18","slug":"publicacio-de-les-llistes-dels-admesos-de-les-preinscripcions-i-la-llista-despera-de-leso","status":"publish","type":"post","link":"https:\/\/agora.xtec.cat\/ies-estatut\/general\/publicacio-de-les-llistes-dels-admesos-de-les-preinscripcions-i-la-llista-despera-de-leso\/","title":{"rendered":"Publicaci\u00f3 de les llistes dels admesos, de les preinscripcions i la llista d&#8217;espera de l&#8217;ESO"},"content":{"rendered":"<p>Publicaci\u00f3 de les <a href=\"#admesos\">llistes dels admesos,<\/a> de les <a href=\"#preinscripcions\">preinscripcions<\/a> i la <a href=\"#espera\">llista d&#8217;espera<\/a> de l&#8217;ESO per al curs 2023-2024 a 12\/06\/2023:<\/p>\n<p><span style=\"color: #ff0000;\">**L&#8217;alumnat adm\u00e8s rebr\u00e0 un correu informant dels passos a seguir per poder fer la matr\u00edcula.**<\/span><\/p>\n<p>&nbsp;<\/p>\n<h4 id=\"admesos\" style=\"text-align: center;\"><span style=\"color: #ff9900;\"><strong>Llistat de l\u2019alumnat adm\u00e8s<\/strong><\/span><\/h4>\n<p style=\"text-align: center;\"><a href=\"https:\/\/agora.xtec.cat\/ies-estatut\/wp-content\/uploads\/usu435\/2023\/06\/Alumnes-assignats-al-centre-amb-indicacio\u0301-de-la-primera-peticio\u0301_page-0001.jpg\"><img loading=\"lazy\" decoding=\"async\" class=\"aligncenter size-large wp-image-4263\" src=\"https:\/\/agora.xtec.cat\/ies-estatut\/wp-content\/uploads\/usu435\/2023\/06\/Alumnes-assignats-al-centre-amb-indicacio\u0301-de-la-primera-peticio\u0301_page-0001-791x1024.jpg\" alt=\"\" width=\"791\" height=\"1024\" srcset=\"https:\/\/agora.xtec.cat\/ies-estatut\/wp-content\/uploads\/usu435\/2023\/06\/Alumnes-assignats-al-centre-amb-indicacio\u0301-de-la-primera-peticio\u0301_page-0001-791x1024.jpg 791w, https:\/\/agora.xtec.cat\/ies-estatut\/wp-content\/uploads\/usu435\/2023\/06\/Alumnes-assignats-al-centre-amb-indicacio\u0301-de-la-primera-peticio\u0301_page-0001-232x300.jpg 232w, https:\/\/agora.xtec.cat\/ies-estatut\/wp-content\/uploads\/usu435\/2023\/06\/Alumnes-assignats-al-centre-amb-indicacio\u0301-de-la-primera-peticio\u0301_page-0001-768x994.jpg 768w, https:\/\/agora.xtec.cat\/ies-estatut\/wp-content\/uploads\/usu435\/2023\/06\/Alumnes-assignats-al-centre-amb-indicacio\u0301-de-la-primera-peticio\u0301_page-0001-1187x1536.jpg 1187w, https:\/\/agora.xtec.cat\/ies-estatut\/wp-content\/uploads\/usu435\/2023\/06\/Alumnes-assignats-al-centre-amb-indicacio\u0301-de-la-primera-peticio\u0301_page-0001.jpg 1275w\" sizes=\"auto, (max-width: 791px) 100vw, 791px\" \/><\/a> <a href=\"https:\/\/agora.xtec.cat\/ies-estatut\/wp-content\/uploads\/usu435\/2023\/06\/Alumnes-assignats-al-centre-amb-indicacio\u0301-de-la-primera-peticio\u0301_page-0002.jpg\"><img loading=\"lazy\" decoding=\"async\" class=\"aligncenter size-large wp-image-4264\" src=\"https:\/\/agora.xtec.cat\/ies-estatut\/wp-content\/uploads\/usu435\/2023\/06\/Alumnes-assignats-al-centre-amb-indicacio\u0301-de-la-primera-peticio\u0301_page-0002-791x1024.jpg\" alt=\"\" width=\"791\" height=\"1024\" srcset=\"https:\/\/agora.xtec.cat\/ies-estatut\/wp-content\/uploads\/usu435\/2023\/06\/Alumnes-assignats-al-centre-amb-indicacio\u0301-de-la-primera-peticio\u0301_page-0002-791x1024.jpg 791w, https:\/\/agora.xtec.cat\/ies-estatut\/wp-content\/uploads\/usu435\/2023\/06\/Alumnes-assignats-al-centre-amb-indicacio\u0301-de-la-primera-peticio\u0301_page-0002-232x300.jpg 232w, https:\/\/agora.xtec.cat\/ies-estatut\/wp-content\/uploads\/usu435\/2023\/06\/Alumnes-assignats-al-centre-amb-indicacio\u0301-de-la-primera-peticio\u0301_page-0002-768x994.jpg 768w, https:\/\/agora.xtec.cat\/ies-estatut\/wp-content\/uploads\/usu435\/2023\/06\/Alumnes-assignats-al-centre-amb-indicacio\u0301-de-la-primera-peticio\u0301_page-0002-1187x1536.jpg 1187w, https:\/\/agora.xtec.cat\/ies-estatut\/wp-content\/uploads\/usu435\/2023\/06\/Alumnes-assignats-al-centre-amb-indicacio\u0301-de-la-primera-peticio\u0301_page-0002.jpg 1275w\" sizes=\"auto, (max-width: 791px) 100vw, 791px\" \/><\/a><\/p>\n<h4 id=\"preinscripcions\" style=\"text-align: center;\"><span style=\"color: #ff9900;\"><strong>Llistat de l\u2019alumnat preinscrit al centre<\/strong><\/span><\/h4>\n<p><a href=\"https:\/\/agora.xtec.cat\/ies-estatut\/wp-content\/uploads\/usu435\/2023\/06\/Alumnes-preinscrits-al-centre_page-0001.jpg\"><img loading=\"lazy\" decoding=\"async\" class=\"aligncenter size-large wp-image-4266\" src=\"https:\/\/agora.xtec.cat\/ies-estatut\/wp-content\/uploads\/usu435\/2023\/06\/Alumnes-preinscrits-al-centre_page-0001-791x1024.jpg\" alt=\"\" width=\"791\" height=\"1024\" srcset=\"https:\/\/agora.xtec.cat\/ies-estatut\/wp-content\/uploads\/usu435\/2023\/06\/Alumnes-preinscrits-al-centre_page-0001-791x1024.jpg 791w, https:\/\/agora.xtec.cat\/ies-estatut\/wp-content\/uploads\/usu435\/2023\/06\/Alumnes-preinscrits-al-centre_page-0001-232x300.jpg 232w, https:\/\/agora.xtec.cat\/ies-estatut\/wp-content\/uploads\/usu435\/2023\/06\/Alumnes-preinscrits-al-centre_page-0001-768x994.jpg 768w, https:\/\/agora.xtec.cat\/ies-estatut\/wp-content\/uploads\/usu435\/2023\/06\/Alumnes-preinscrits-al-centre_page-0001-1187x1536.jpg 1187w, https:\/\/agora.xtec.cat\/ies-estatut\/wp-content\/uploads\/usu435\/2023\/06\/Alumnes-preinscrits-al-centre_page-0001.jpg 1275w\" sizes=\"auto, (max-width: 791px) 100vw, 791px\" \/><\/a> <a href=\"https:\/\/agora.xtec.cat\/ies-estatut\/wp-content\/uploads\/usu435\/2023\/06\/Alumnes-preinscrits-al-centre_page-0002.jpg\"><img loading=\"lazy\" decoding=\"async\" class=\"aligncenter size-large wp-image-4267\" src=\"https:\/\/agora.xtec.cat\/ies-estatut\/wp-content\/uploads\/usu435\/2023\/06\/Alumnes-preinscrits-al-centre_page-0002-791x1024.jpg\" alt=\"\" width=\"791\" height=\"1024\" srcset=\"https:\/\/agora.xtec.cat\/ies-estatut\/wp-content\/uploads\/usu435\/2023\/06\/Alumnes-preinscrits-al-centre_page-0002-791x1024.jpg 791w, https:\/\/agora.xtec.cat\/ies-estatut\/wp-content\/uploads\/usu435\/2023\/06\/Alumnes-preinscrits-al-centre_page-0002-232x300.jpg 232w, https:\/\/agora.xtec.cat\/ies-estatut\/wp-content\/uploads\/usu435\/2023\/06\/Alumnes-preinscrits-al-centre_page-0002-768x994.jpg 768w, https:\/\/agora.xtec.cat\/ies-estatut\/wp-content\/uploads\/usu435\/2023\/06\/Alumnes-preinscrits-al-centre_page-0002-1187x1536.jpg 1187w, https:\/\/agora.xtec.cat\/ies-estatut\/wp-content\/uploads\/usu435\/2023\/06\/Alumnes-preinscrits-al-centre_page-0002.jpg 1275w\" sizes=\"auto, (max-width: 791px) 100vw, 791px\" \/><\/a> <a href=\"https:\/\/agora.xtec.cat\/ies-estatut\/wp-content\/uploads\/usu435\/2023\/06\/Alumnes-preinscrits-al-centre_page-0003.jpg\"><img loading=\"lazy\" decoding=\"async\" class=\"aligncenter size-large wp-image-4268\" src=\"https:\/\/agora.xtec.cat\/ies-estatut\/wp-content\/uploads\/usu435\/2023\/06\/Alumnes-preinscrits-al-centre_page-0003-791x1024.jpg\" alt=\"\" width=\"791\" height=\"1024\" srcset=\"https:\/\/agora.xtec.cat\/ies-estatut\/wp-content\/uploads\/usu435\/2023\/06\/Alumnes-preinscrits-al-centre_page-0003-791x1024.jpg 791w, https:\/\/agora.xtec.cat\/ies-estatut\/wp-content\/uploads\/usu435\/2023\/06\/Alumnes-preinscrits-al-centre_page-0003-232x300.jpg 232w, https:\/\/agora.xtec.cat\/ies-estatut\/wp-content\/uploads\/usu435\/2023\/06\/Alumnes-preinscrits-al-centre_page-0003-768x994.jpg 768w, https:\/\/agora.xtec.cat\/ies-estatut\/wp-content\/uploads\/usu435\/2023\/06\/Alumnes-preinscrits-al-centre_page-0003-1187x1536.jpg 1187w, https:\/\/agora.xtec.cat\/ies-estatut\/wp-content\/uploads\/usu435\/2023\/06\/Alumnes-preinscrits-al-centre_page-0003.jpg 1275w\" sizes=\"auto, (max-width: 791px) 100vw, 791px\" \/><\/a> <a href=\"https:\/\/agora.xtec.cat\/ies-estatut\/wp-content\/uploads\/usu435\/2023\/06\/Alumnes-preinscrits-al-centre_page-0004.jpg\"><img loading=\"lazy\" decoding=\"async\" class=\"aligncenter size-large wp-image-4269\" src=\"https:\/\/agora.xtec.cat\/ies-estatut\/wp-content\/uploads\/usu435\/2023\/06\/Alumnes-preinscrits-al-centre_page-0004-791x1024.jpg\" alt=\"\" width=\"791\" height=\"1024\" srcset=\"https:\/\/agora.xtec.cat\/ies-estatut\/wp-content\/uploads\/usu435\/2023\/06\/Alumnes-preinscrits-al-centre_page-0004-791x1024.jpg 791w, https:\/\/agora.xtec.cat\/ies-estatut\/wp-content\/uploads\/usu435\/2023\/06\/Alumnes-preinscrits-al-centre_page-0004-232x300.jpg 232w, https:\/\/agora.xtec.cat\/ies-estatut\/wp-content\/uploads\/usu435\/2023\/06\/Alumnes-preinscrits-al-centre_page-0004-768x994.jpg 768w, https:\/\/agora.xtec.cat\/ies-estatut\/wp-content\/uploads\/usu435\/2023\/06\/Alumnes-preinscrits-al-centre_page-0004-1187x1536.jpg 1187w, https:\/\/agora.xtec.cat\/ies-estatut\/wp-content\/uploads\/usu435\/2023\/06\/Alumnes-preinscrits-al-centre_page-0004.jpg 1275w\" sizes=\"auto, (max-width: 791px) 100vw, 791px\" \/><\/a><\/p>\n<p>&nbsp;<\/p>\n<h4 id=\"espera\" style=\"text-align: center;\"><span style=\"color: #ff9900;\"><strong>Llistat d&#8217;espera del centre<\/strong><\/span><\/h4>\n<p><a href=\"https:\/\/agora.xtec.cat\/ies-estatut\/wp-content\/uploads\/usu435\/2023\/06\/Sollicituds-llista-despera_page-0001.jpg\"><img loading=\"lazy\" decoding=\"async\" class=\"aligncenter size-large wp-image-4270\" src=\"https:\/\/agora.xtec.cat\/ies-estatut\/wp-content\/uploads\/usu435\/2023\/06\/Sollicituds-llista-despera_page-0001-791x1024.jpg\" alt=\"\" width=\"791\" height=\"1024\" srcset=\"https:\/\/agora.xtec.cat\/ies-estatut\/wp-content\/uploads\/usu435\/2023\/06\/Sollicituds-llista-despera_page-0001-791x1024.jpg 791w, https:\/\/agora.xtec.cat\/ies-estatut\/wp-content\/uploads\/usu435\/2023\/06\/Sollicituds-llista-despera_page-0001-232x300.jpg 232w, https:\/\/agora.xtec.cat\/ies-estatut\/wp-content\/uploads\/usu435\/2023\/06\/Sollicituds-llista-despera_page-0001-768x994.jpg 768w, https:\/\/agora.xtec.cat\/ies-estatut\/wp-content\/uploads\/usu435\/2023\/06\/Sollicituds-llista-despera_page-0001-1187x1536.jpg 1187w, https:\/\/agora.xtec.cat\/ies-estatut\/wp-content\/uploads\/usu435\/2023\/06\/Sollicituds-llista-despera_page-0001.jpg 1275w\" sizes=\"auto, (max-width: 791px) 100vw, 791px\" \/><\/a><\/p>\n<p>&nbsp;<\/p>\n<p>&nbsp;<\/p>\n","protected":false},"excerpt":{"rendered":"<p>Publicaci\u00f3 de les <a href=\"#admesos\">llistes dels admesos,<\/a> de les <a href=\"#preinscripcions\">preinscripcions<\/a> i la <a href=\"#espera\">llista d&#8217;espera<\/a> de l&#8217;ESO per al curs 2023-2024 a 12\/06\/2023:<br \/>\n**L&#8217;alumnat adm\u00e8s rebr\u00e0 un correu informant dels passos a seguir per poder fer la matr\u00edcula.**<br \/>\n&nbsp;<br \/>\nLlistat de l\u2019alumnat adm\u00e8s<br \/>\n<a href=\"https:\/\/agora.xtec.cat\/ies-estatut\/wp-content\/uploads\/usu435\/2023\/06\/Alumnes-assignats-al-centre-amb-indicacio\u0301-de-la-primera-peticio\u0301_page-0001.jpg\"><\/a> <a href=\"https:\/\/agora.xtec.cat\/ies-estatut\/wp-content\/uploads\/usu435\/2023\/06\/Alumnes-assignats-al-centre-amb-indicacio\u0301-de-la-primera-peticio\u0301_page-0002.jpg\"><\/a><br \/>\nLlistat de&hellip;  <a href=\"https:\/\/agora.xtec.cat\/ies-estatut\/general\/publicacio-de-les-llistes-dels-admesos-de-les-preinscripcions-i-la-llista-despera-de-leso\/\" title=\"Read Publicaci\u00f3 de les llistes dels admesos, de les preinscripcions i la llista d&#8217;espera de l&#8217;ESO\">Llegeix m\u00e9s\u00bb<\/a><\/p>\n","protected":false},"author":1,"featured_media":0,"comment_status":"closed","ping_status":"closed","sticky":false,"template":"","format":"standard","meta":{"_bbp_topic_count":0,"_bbp_reply_count":0,"_bbp_total_topic_count":0,"_bbp_total_reply_count":0,"_bbp_voice_count":0,"_bbp_anonymous_reply_count":0,"_bbp_topic_count_hidden":0,"_bbp_reply_count_hidden":0,"_bbp_forum_subforum_count":0,"footnotes":""},"categories":[3,1,29],"tags":[],"class_list":["post-4271","post","type-post","status-publish","format-standard","hentry","category-eso","category-general","category-portada"],"post_mailing_queue_ids":[],"_links":{"self":[{"href":"https:\/\/agora.xtec.cat\/ies-estatut\/wp-json\/wp\/v2\/posts\/4271","targetHints":{"allow":["GET"]}}],"collection":[{"href":"https:\/\/agora.xtec.cat\/ies-estatut\/wp-json\/wp\/v2\/posts"}],"about":[{"href":"https:\/\/agora.xtec.cat\/ies-estatut\/wp-json\/wp\/v2\/types\/post"}],"author":[{"embeddable":true,"href":"https:\/\/agora.xtec.cat\/ies-estatut\/wp-json\/wp\/v2\/users\/1"}],"replies":[{"embeddable":true,"href":"https:\/\/agora.xtec.cat\/ies-estatut\/wp-json\/wp\/v2\/comments?post=4271"}],"version-history":[{"count":3,"href":"https:\/\/agora.xtec.cat\/ies-estatut\/wp-json\/wp\/v2\/posts\/4271\/revisions"}],"predecessor-version":[{"id":4338,"href":"https:\/\/agora.xtec.cat\/ies-estatut\/wp-json\/wp\/v2\/posts\/4271\/revisions\/4338"}],"wp:attachment":[{"href":"https:\/\/agora.xtec.cat\/ies-estatut\/wp-json\/wp\/v2\/media?parent=4271"}],"wp:term":[{"taxonomy":"category","embeddable":true,"href":"https:\/\/agora.xtec.cat\/ies-estatut\/wp-json\/wp\/v2\/categories?post=4271"},{"taxonomy":"post_tag","embeddable":true,"href":"https:\/\/agora.xtec.cat\/ies-estatut\/wp-json\/wp\/v2\/tags?post=4271"}],"curies":[{"name":"wp","href":"https:\/\/api.w.org\/{rel}","templated":true}]}}