{"id":3702,"date":"2023-01-29T12:18:14","date_gmt":"2023-01-29T11:18:14","guid":{"rendered":"https:\/\/agora.xtec.cat\/ies-estatut\/?p=3702"},"modified":"2023-02-01T16:48:27","modified_gmt":"2023-02-01T15:48:27","slug":"jornada-de-portes-obertes-2023","status":"publish","type":"post","link":"https:\/\/agora.xtec.cat\/ies-estatut\/eso\/jornada-de-portes-obertes-2023\/","title":{"rendered":"Jornada de Portes Obertes 2023 per ESO"},"content":{"rendered":"<p>L&#8217;INS l&#8217;Estatut us convida el <strong>dissabte 4 de mar\u00e7 a la Jornada de Portes Obertes<\/strong>. Aquest dia \u00e9s una oportunitat \u00fanica per con\u00e8ixer les nostres instal\u00b7lacions i el nostre programa d&#8217;estudis. No us perdeu aquesta oportunitat de ser part de la comunitat educativa del nostre institut.<\/p>\n<p>Per poder atendre-us millor, distribuirem els visitants en dos torns de visita, a les 10.30 i a les 11.30 h. Podeu triar el torn que preferiu a trav\u00e9s <a style=\"color: #ff0000;\" href=\"https:\/\/forms.gle\/Y8X9LzVkKdSpV1fh7\"><span style=\"color: #ff0000;\">d&#8217;aquest formulari<\/span><\/a>.<\/p>\n<p>Us esperem a tots!<\/p>\n","protected":false},"excerpt":{"rendered":"<p>Jornada de Portes Obertes el 4 de mar\u00e7 de 2023&hellip;  <a href=\"https:\/\/agora.xtec.cat\/ies-estatut\/eso\/jornada-de-portes-obertes-2023\/\" title=\"Read Jornada de Portes Obertes 2023 per ESO\">Llegeix m\u00e9s\u00bb<\/a><\/p>\n","protected":false},"author":1,"featured_media":0,"comment_status":"closed","ping_status":"closed","sticky":false,"template":"","format":"standard","meta":{"_bbp_topic_count":0,"_bbp_reply_count":0,"_bbp_total_topic_count":0,"_bbp_total_reply_count":0,"_bbp_voice_count":0,"_bbp_anonymous_reply_count":0,"_bbp_topic_count_hidden":0,"_bbp_reply_count_hidden":0,"_bbp_forum_subforum_count":0,"footnotes":""},"categories":[3,29],"tags":[198,90,102],"class_list":["post-3702","post","type-post","status-publish","format-standard","hentry","category-eso","category-portada","tag-2023-2024","tag-eso","tag-jornada-de-portes-obertes"],"post_mailing_queue_ids":[],"_links":{"self":[{"href":"https:\/\/agora.xtec.cat\/ies-estatut\/wp-json\/wp\/v2\/posts\/3702","targetHints":{"allow":["GET"]}}],"collection":[{"href":"https:\/\/agora.xtec.cat\/ies-estatut\/wp-json\/wp\/v2\/posts"}],"about":[{"href":"https:\/\/agora.xtec.cat\/ies-estatut\/wp-json\/wp\/v2\/types\/post"}],"author":[{"embeddable":true,"href":"https:\/\/agora.xtec.cat\/ies-estatut\/wp-json\/wp\/v2\/users\/1"}],"replies":[{"embeddable":true,"href":"https:\/\/agora.xtec.cat\/ies-estatut\/wp-json\/wp\/v2\/comments?post=3702"}],"version-history":[{"count":3,"href":"https:\/\/agora.xtec.cat\/ies-estatut\/wp-json\/wp\/v2\/posts\/3702\/revisions"}],"predecessor-version":[{"id":3722,"href":"https:\/\/agora.xtec.cat\/ies-estatut\/wp-json\/wp\/v2\/posts\/3702\/revisions\/3722"}],"wp:attachment":[{"href":"https:\/\/agora.xtec.cat\/ies-estatut\/wp-json\/wp\/v2\/media?parent=3702"}],"wp:term":[{"taxonomy":"category","embeddable":true,"href":"https:\/\/agora.xtec.cat\/ies-estatut\/wp-json\/wp\/v2\/categories?post=3702"},{"taxonomy":"post_tag","embeddable":true,"href":"https:\/\/agora.xtec.cat\/ies-estatut\/wp-json\/wp\/v2\/tags?post=3702"}],"curies":[{"name":"wp","href":"https:\/\/api.w.org\/{rel}","templated":true}]}}