{"id":1600,"date":"2026-03-26T12:29:33","date_gmt":"2026-03-26T11:29:33","guid":{"rendered":"https:\/\/agora.xtec.cat\/ies-ernest-lluch\/?p=1600"},"modified":"2026-04-15T15:12:01","modified_gmt":"2026-04-15T13:12:01","slug":"colabora-amb-la-recerca-contra-el-cancer-infantil","status":"publish","type":"post","link":"https:\/\/agora.xtec.cat\/ies-ernest-lluch\/general\/colabora-amb-la-recerca-contra-el-cancer-infantil\/","title":{"rendered":"Col\u00b7labora amb la recerca contra el c\u00e0ncer infantil"},"content":{"rendered":"\n<p>Aquest any la biblioteca participa per primera vegada en un projecte solidari, cultural i educatiu en qu\u00e8 cada llibre llegit es converteix en minuts de recerca gr\u00e0cies a padrins de lectura que fan possible que la cultura tamb\u00e9 curi.&nbsp;Els fons recaptats es destinen a la recerca contra el c\u00e0ncer de l\u2019hospital Cl\u00ednic Barcelona.<\/p>\n\n\n\n<p>L&#8217; alumnat de 1r d&#8217;ESO participar\u00e0 des del taller de descoberta de la biblioteca, per\u00f2&nbsp;&nbsp;l&#8217;activitat est\u00e0 oberta a tothom, alumnat, fam\u00edlies, etc.<\/p>\n\n\n\n<p>Solament s&#8217;ha de&nbsp;<\/p>\n\n\n\n<p>&#8211;<strong>Llegir<\/strong><\/p>\n\n\n\n<p><strong>-Escriure la ressenya&nbsp;<\/strong><\/p>\n\n\n\n<p><strong>-Enviar-la a la seg\u00fcent adre\u00e7a:&nbsp;<\/strong><a href=\"https:\/\/dona.clinicbarcelona.org\/giremfull\" target=\"_blank\" rel=\"noreferrer noopener\">https:\/\/dona.clinicbarcelona.org\/giremfull<\/a><\/p>\n\n\n\n<p>&#8211;<strong>Sumar minuts:<\/strong>&nbsp;Cada lectura lliurada suma per avan\u00e7ar en la lluita contra la malaltia.<\/p>\n\n\n\n<p>Aquesta marat\u00f3 de lectura tindr\u00e0 lloc des del<strong>&nbsp;21 de mar\u00e7 fins el 23 d\u2019abril<\/strong><\/p>\n\n\n\n<p>Gr\u00e0cies per participar!<\/p>\n\n\n\n<figure class=\"wp-block-image aligncenter size-full\"><a href=\"https:\/\/agora.xtec.cat\/ies-ernest-lluch\/wp-content\/uploads\/usu2233\/2026\/03\/image.png\"><img loading=\"lazy\" decoding=\"async\" width=\"709\" height=\"341\" src=\"https:\/\/agora.xtec.cat\/ies-ernest-lluch\/wp-content\/uploads\/usu2233\/2026\/03\/image.png\" alt=\"\" class=\"wp-image-1603\" srcset=\"https:\/\/agora.xtec.cat\/ies-ernest-lluch\/wp-content\/uploads\/usu2233\/2026\/03\/image.png 709w, https:\/\/agora.xtec.cat\/ies-ernest-lluch\/wp-content\/uploads\/usu2233\/2026\/03\/image-300x144.png 300w\" sizes=\"auto, (max-width: 709px) 100vw, 709px\" \/><\/a><\/figure>\n","protected":false},"excerpt":{"rendered":"<p>Aquest any la biblioteca participa per primera vegada en un projecte solidari, cultural i educatiu en qu\u00e8 cada llibre llegit es converteix en minuts de recerca gr\u00e0cies a padrins de lectura que fan possible que la cultura tamb\u00e9 curi.&nbsp;Els fons recaptats es destinen a la recerca contra el c\u00e0ncer de l\u2019hospital Cl\u00ednic Barcelona. L&#8217; alumnat [&hellip;]<\/p>\n","protected":false},"author":1,"featured_media":1603,"comment_status":"closed","ping_status":"open","sticky":false,"template":"","format":"standard","meta":{"site-sidebar-layout":"default","site-content-layout":"","ast-site-content-layout":"default","site-content-style":"default","site-sidebar-style":"default","ast-global-header-display":"","ast-banner-title-visibility":"","ast-main-header-display":"","ast-hfb-above-header-display":"","ast-hfb-below-header-display":"","ast-hfb-mobile-header-display":"","site-post-title":"","ast-breadcrumbs-content":"","ast-featured-img":"","footer-sml-layout":"","theme-transparent-header-meta":"","adv-header-id-meta":"","stick-header-meta":"","header-above-stick-meta":"","header-main-stick-meta":"","header-below-stick-meta":"","astra-migrate-meta-layouts":"set","ast-page-background-enabled":"default","ast-page-background-meta":{"desktop":{"background-color":"var(--ast-global-color-4)","background-image":"","background-repeat":"repeat","background-position":"center center","background-size":"auto","background-attachment":"scroll","background-type":"","background-media":"","overlay-type":"","overlay-color":"","overlay-opacity":"","overlay-gradient":""},"tablet":{"background-color":"","background-image":"","background-repeat":"repeat","background-position":"center center","background-size":"auto","background-attachment":"scroll","background-type":"","background-media":"","overlay-type":"","overlay-color":"","overlay-opacity":"","overlay-gradient":""},"mobile":{"background-color":"","background-image":"","background-repeat":"repeat","background-position":"center center","background-size":"auto","background-attachment":"scroll","background-type":"","background-media":"","overlay-type":"","overlay-color":"","overlay-opacity":"","overlay-gradient":""}},"ast-content-background-meta":{"desktop":{"background-color":"var(--ast-global-color-5)","background-image":"","background-repeat":"repeat","background-position":"center center","background-size":"auto","background-attachment":"scroll","background-type":"","background-media":"","overlay-type":"","overlay-color":"","overlay-opacity":"","overlay-gradient":""},"tablet":{"background-color":"var(--ast-global-color-5)","background-image":"","background-repeat":"repeat","background-position":"center center","background-size":"auto","background-attachment":"scroll","background-type":"","background-media":"","overlay-type":"","overlay-color":"","overlay-opacity":"","overlay-gradient":""},"mobile":{"background-color":"var(--ast-global-color-5)","background-image":"","background-repeat":"repeat","background-position":"center center","background-size":"auto","background-attachment":"scroll","background-type":"","background-media":"","overlay-type":"","overlay-color":"","overlay-opacity":"","overlay-gradient":""}},"footnotes":""},"categories":[8,104,3,1,29],"tags":[181,182,180,165],"class_list":["post-1600","post","type-post","status-publish","format-standard","has-post-thumbnail","hentry","category-batxillerat","category-biblioteca","category-eso","category-general","category-portada","tag-cancer","tag-hospitat-clinic","tag-recerca","tag-solidaritat"],"post_mailing_queue_ids":[],"_links":{"self":[{"href":"https:\/\/agora.xtec.cat\/ies-ernest-lluch\/wp-json\/wp\/v2\/posts\/1600","targetHints":{"allow":["GET"]}}],"collection":[{"href":"https:\/\/agora.xtec.cat\/ies-ernest-lluch\/wp-json\/wp\/v2\/posts"}],"about":[{"href":"https:\/\/agora.xtec.cat\/ies-ernest-lluch\/wp-json\/wp\/v2\/types\/post"}],"author":[{"embeddable":true,"href":"https:\/\/agora.xtec.cat\/ies-ernest-lluch\/wp-json\/wp\/v2\/users\/1"}],"replies":[{"embeddable":true,"href":"https:\/\/agora.xtec.cat\/ies-ernest-lluch\/wp-json\/wp\/v2\/comments?post=1600"}],"version-history":[{"count":6,"href":"https:\/\/agora.xtec.cat\/ies-ernest-lluch\/wp-json\/wp\/v2\/posts\/1600\/revisions"}],"predecessor-version":[{"id":1675,"href":"https:\/\/agora.xtec.cat\/ies-ernest-lluch\/wp-json\/wp\/v2\/posts\/1600\/revisions\/1675"}],"wp:featuredmedia":[{"embeddable":true,"href":"https:\/\/agora.xtec.cat\/ies-ernest-lluch\/wp-json\/wp\/v2\/media\/1603"}],"wp:attachment":[{"href":"https:\/\/agora.xtec.cat\/ies-ernest-lluch\/wp-json\/wp\/v2\/media?parent=1600"}],"wp:term":[{"taxonomy":"category","embeddable":true,"href":"https:\/\/agora.xtec.cat\/ies-ernest-lluch\/wp-json\/wp\/v2\/categories?post=1600"},{"taxonomy":"post_tag","embeddable":true,"href":"https:\/\/agora.xtec.cat\/ies-ernest-lluch\/wp-json\/wp\/v2\/tags?post=1600"}],"curies":[{"name":"wp","href":"https:\/\/api.w.org\/{rel}","templated":true}]}}