{"id":7783,"date":"2024-02-08T12:41:24","date_gmt":"2024-02-08T11:41:24","guid":{"rendered":"https:\/\/agora.xtec.cat\/ies-enric-borras\/?p=7783"},"modified":"2024-02-08T12:47:24","modified_gmt":"2024-02-08T11:47:24","slug":"comunicat-a-les-nostres-families","status":"publish","type":"post","link":"https:\/\/agora.xtec.cat\/ies-enric-borras\/general\/comunicat-a-les-nostres-families\/","title":{"rendered":"Comunicat a les nostres fam\u00edlies"},"content":{"rendered":"<p>Estimades fam\u00edlies,<\/p>\n<p>S&#8217;han decretat tres dies de dol oficial a la ciutat per la mort de tres persones en l&#8217;ensorrament d&#8217;un edifici el passat dimarts. Aquesta mesura coincideix amb la nostra diada de Carnaval de dem\u00e0 divendres. Hem estat valorant la situaci\u00f3 i hem decidit no ajornar les activitats previstes perqu\u00e8 s\u00f3n el resultat de moltes setmanes de preparaci\u00f3 i perqu\u00e8 algunes d&#8217;elles s\u00f3n avaluables.<\/p>\n<p>Per descomptat, el professorat i treballadors de l&#8217;institut volem transmetre la nostra tristesa i condol a les fam\u00edlies de les v\u00edctimes.<\/p>\n<p>Atentament,<br \/>\nEquip Directiu<\/p>\n","protected":false},"excerpt":{"rendered":"<p>Estimades fam\u00edlies,<br \/>\nS&#8217;han decretat tres dies de dol oficial a la ciutat per la mort de tres persones en l&#8217;ensorrament d&#8217;un edifici el passat dimarts. Aquesta mesura coincideix amb la nostra diada de Carnaval de dem\u00e0 divendres. Hem estat valorant la situaci\u00f3 i hem decidit no&hellip;  <a href=\"https:\/\/agora.xtec.cat\/ies-enric-borras\/general\/comunicat-a-les-nostres-families\/\" title=\"Read Comunicat a les nostres fam\u00edlies\">Llegeix m\u00e9s\u00bb<\/a><\/p>\n","protected":false},"author":1,"featured_media":7786,"comment_status":"open","ping_status":"closed","sticky":false,"template":"","format":"standard","meta":{"_bbp_topic_count":0,"_bbp_reply_count":0,"_bbp_total_topic_count":0,"_bbp_total_reply_count":0,"_bbp_voice_count":0,"_bbp_anonymous_reply_count":0,"_bbp_topic_count_hidden":0,"_bbp_reply_count_hidden":0,"_bbp_forum_subforum_count":0,"footnotes":""},"categories":[31,1,29],"tags":[238],"class_list":["post-7783","post","type-post","status-publish","format-standard","has-post-thumbnail","hentry","category-ampa","category-general","category-portada","tag-carnaval"],"post_mailing_queue_ids":[],"_links":{"self":[{"href":"https:\/\/agora.xtec.cat\/ies-enric-borras\/wp-json\/wp\/v2\/posts\/7783","targetHints":{"allow":["GET"]}}],"collection":[{"href":"https:\/\/agora.xtec.cat\/ies-enric-borras\/wp-json\/wp\/v2\/posts"}],"about":[{"href":"https:\/\/agora.xtec.cat\/ies-enric-borras\/wp-json\/wp\/v2\/types\/post"}],"author":[{"embeddable":true,"href":"https:\/\/agora.xtec.cat\/ies-enric-borras\/wp-json\/wp\/v2\/users\/1"}],"replies":[{"embeddable":true,"href":"https:\/\/agora.xtec.cat\/ies-enric-borras\/wp-json\/wp\/v2\/comments?post=7783"}],"version-history":[{"count":1,"href":"https:\/\/agora.xtec.cat\/ies-enric-borras\/wp-json\/wp\/v2\/posts\/7783\/revisions"}],"predecessor-version":[{"id":7785,"href":"https:\/\/agora.xtec.cat\/ies-enric-borras\/wp-json\/wp\/v2\/posts\/7783\/revisions\/7785"}],"wp:featuredmedia":[{"embeddable":true,"href":"https:\/\/agora.xtec.cat\/ies-enric-borras\/wp-json\/wp\/v2\/media\/7786"}],"wp:attachment":[{"href":"https:\/\/agora.xtec.cat\/ies-enric-borras\/wp-json\/wp\/v2\/media?parent=7783"}],"wp:term":[{"taxonomy":"category","embeddable":true,"href":"https:\/\/agora.xtec.cat\/ies-enric-borras\/wp-json\/wp\/v2\/categories?post=7783"},{"taxonomy":"post_tag","embeddable":true,"href":"https:\/\/agora.xtec.cat\/ies-enric-borras\/wp-json\/wp\/v2\/tags?post=7783"}],"curies":[{"name":"wp","href":"https:\/\/api.w.org\/{rel}","templated":true}]}}