{"id":7557,"date":"2023-10-24T14:38:48","date_gmt":"2023-10-24T12:38:48","guid":{"rendered":"https:\/\/agora.xtec.cat\/ies-enric-borras\/?p=7557"},"modified":"2023-10-24T14:38:48","modified_gmt":"2023-10-24T12:38:48","slug":"renovacio-del-consell-escolar","status":"publish","type":"post","link":"https:\/\/agora.xtec.cat\/ies-enric-borras\/portada\/renovacio-del-consell-escolar\/","title":{"rendered":"RENOVACI\u00d3 DEL CONSELL ESCOLAR"},"content":{"rendered":"<p>Durant el mes de novembre tindr\u00e0 lloc la renovaci\u00f3 dels membres del Consell Escolar de l&#8217;institut. Entre el 20 i el 24 de novembre es duran a terme les votacions entre els candidats per escollir els representants dels ALUMNES, PAS, PROFESSORAT i FAM\u00cdLIES. <\/p>\n<p>Qualsevol persona que vulgui presentar-se com a representant del seu sector, pot presentar candidatura a la direcci\u00f3 del centre abans del 10 de novembre.<\/p>\n<p><a href=\"https:\/\/drive.google.com\/file\/d\/1aJUPVIQGnCW-_e3_-vfg9a5Oq6jr3fjm\/view?usp=sharing\" rel=\"noopener\" target=\"_blank\">DOCUMENT<\/a><\/p>\n","protected":false},"excerpt":{"rendered":"<p>Durant el mes de novembre tindr\u00e0 lloc la renovaci\u00f3 dels membres del Consell Escolar de l&#8217;institut. Entre el 20 i el 24 de novembre es duran a terme les votacions entre els candidats per escollir els representants dels ALUMNES, PAS, PROFESSORAT i FAM\u00cdLIES.<br \/>\nQualsevol persona&hellip;  <a href=\"https:\/\/agora.xtec.cat\/ies-enric-borras\/portada\/renovacio-del-consell-escolar\/\" title=\"Read RENOVACI\u00d3 DEL CONSELL ESCOLAR\">Llegeix m\u00e9s\u00bb<\/a><\/p>\n","protected":false},"author":1,"featured_media":7558,"comment_status":"open","ping_status":"closed","sticky":false,"template":"","format":"standard","meta":{"_bbp_topic_count":0,"_bbp_reply_count":0,"_bbp_total_topic_count":0,"_bbp_total_reply_count":0,"_bbp_voice_count":0,"_bbp_anonymous_reply_count":0,"_bbp_topic_count_hidden":0,"_bbp_reply_count_hidden":0,"_bbp_forum_subforum_count":0,"footnotes":""},"categories":[31,29],"tags":[221],"class_list":["post-7557","post","type-post","status-publish","format-standard","has-post-thumbnail","hentry","category-ampa","category-portada","tag-consell-escolar"],"post_mailing_queue_ids":[],"_links":{"self":[{"href":"https:\/\/agora.xtec.cat\/ies-enric-borras\/wp-json\/wp\/v2\/posts\/7557","targetHints":{"allow":["GET"]}}],"collection":[{"href":"https:\/\/agora.xtec.cat\/ies-enric-borras\/wp-json\/wp\/v2\/posts"}],"about":[{"href":"https:\/\/agora.xtec.cat\/ies-enric-borras\/wp-json\/wp\/v2\/types\/post"}],"author":[{"embeddable":true,"href":"https:\/\/agora.xtec.cat\/ies-enric-borras\/wp-json\/wp\/v2\/users\/1"}],"replies":[{"embeddable":true,"href":"https:\/\/agora.xtec.cat\/ies-enric-borras\/wp-json\/wp\/v2\/comments?post=7557"}],"version-history":[{"count":1,"href":"https:\/\/agora.xtec.cat\/ies-enric-borras\/wp-json\/wp\/v2\/posts\/7557\/revisions"}],"predecessor-version":[{"id":7559,"href":"https:\/\/agora.xtec.cat\/ies-enric-borras\/wp-json\/wp\/v2\/posts\/7557\/revisions\/7559"}],"wp:featuredmedia":[{"embeddable":true,"href":"https:\/\/agora.xtec.cat\/ies-enric-borras\/wp-json\/wp\/v2\/media\/7558"}],"wp:attachment":[{"href":"https:\/\/agora.xtec.cat\/ies-enric-borras\/wp-json\/wp\/v2\/media?parent=7557"}],"wp:term":[{"taxonomy":"category","embeddable":true,"href":"https:\/\/agora.xtec.cat\/ies-enric-borras\/wp-json\/wp\/v2\/categories?post=7557"},{"taxonomy":"post_tag","embeddable":true,"href":"https:\/\/agora.xtec.cat\/ies-enric-borras\/wp-json\/wp\/v2\/tags?post=7557"}],"curies":[{"name":"wp","href":"https:\/\/api.w.org\/{rel}","templated":true}]}}