{"id":7180,"date":"2023-04-26T12:22:12","date_gmt":"2023-04-26T10:22:12","guid":{"rendered":"https:\/\/agora.xtec.cat\/ies-enric-borras\/?p=7180"},"modified":"2023-04-26T12:22:12","modified_gmt":"2023-04-26T10:22:12","slug":"ja-estan-per-franca","status":"publish","type":"post","link":"https:\/\/agora.xtec.cat\/ies-enric-borras\/eso\/eso-3\/ja-estan-per-franca\/","title":{"rendered":"Ja estan per Fran\u00e7a"},"content":{"rendered":"<p>L&#8217;alumnat de l&#8217;optativa de Franc\u00e8s de 3r, 4t d&#8217;ESO i 1r de Batxillerat de l&#8217;insti ja ha arribat a Fran\u00e7a per fer aquests dos dies d&#8217;immersi\u00f3 cultural on visitaran Carcassona, Perpiny\u00e0 i Cotlliure.<br \/>\n<img loading=\"lazy\" decoding=\"async\" src=\"https:\/\/agora.xtec.cat\/ies-enric-borras\/wp-content\/uploads\/usu558\/WhatsApp-Image-2023-04-26-at-11.17.00-1024x808.jpeg\" alt=\"\" width=\"1024\" height=\"808\" class=\"alignnone size-large wp-image-7181\" srcset=\"https:\/\/agora.xtec.cat\/ies-enric-borras\/wp-content\/uploads\/usu558\/WhatsApp-Image-2023-04-26-at-11.17.00-1024x808.jpeg 1024w, https:\/\/agora.xtec.cat\/ies-enric-borras\/wp-content\/uploads\/usu558\/WhatsApp-Image-2023-04-26-at-11.17.00-300x237.jpeg 300w, https:\/\/agora.xtec.cat\/ies-enric-borras\/wp-content\/uploads\/usu558\/WhatsApp-Image-2023-04-26-at-11.17.00-768x606.jpeg 768w, https:\/\/agora.xtec.cat\/ies-enric-borras\/wp-content\/uploads\/usu558\/WhatsApp-Image-2023-04-26-at-11.17.00-1536x1212.jpeg 1536w, https:\/\/agora.xtec.cat\/ies-enric-borras\/wp-content\/uploads\/usu558\/WhatsApp-Image-2023-04-26-at-11.17.00.jpeg 1600w\" sizes=\"auto, (max-width: 1024px) 100vw, 1024px\" \/><\/p>\n","protected":false},"excerpt":{"rendered":"<p>L&#8217;alumnat de l&#8217;optativa de Franc\u00e8s de 3r, 4t d&#8217;ESO i 1r de Batxillerat de l&#8217;insti ja ha arribat a Fran\u00e7a per fer aquests dos dies d&#8217;immersi\u00f3 cultural on visitaran Carcassona, Perpiny\u00e0 i Cotlliure.<\/p>\n","protected":false},"author":1,"featured_media":7181,"comment_status":"open","ping_status":"closed","sticky":false,"template":"","format":"standard","meta":{"_bbp_topic_count":0,"_bbp_reply_count":0,"_bbp_total_topic_count":0,"_bbp_total_reply_count":0,"_bbp_voice_count":0,"_bbp_anonymous_reply_count":0,"_bbp_topic_count_hidden":0,"_bbp_reply_count_hidden":0,"_bbp_forum_subforum_count":0,"footnotes":""},"categories":[8,6,7,91,29],"tags":[383],"class_list":["post-7180","post","type-post","status-publish","format-standard","has-post-thumbnail","hentry","category-batxillerat","category-eso-3","category-eso-4","category-idiomes","category-portada","tag-frances"],"post_mailing_queue_ids":[],"_links":{"self":[{"href":"https:\/\/agora.xtec.cat\/ies-enric-borras\/wp-json\/wp\/v2\/posts\/7180","targetHints":{"allow":["GET"]}}],"collection":[{"href":"https:\/\/agora.xtec.cat\/ies-enric-borras\/wp-json\/wp\/v2\/posts"}],"about":[{"href":"https:\/\/agora.xtec.cat\/ies-enric-borras\/wp-json\/wp\/v2\/types\/post"}],"author":[{"embeddable":true,"href":"https:\/\/agora.xtec.cat\/ies-enric-borras\/wp-json\/wp\/v2\/users\/1"}],"replies":[{"embeddable":true,"href":"https:\/\/agora.xtec.cat\/ies-enric-borras\/wp-json\/wp\/v2\/comments?post=7180"}],"version-history":[{"count":1,"href":"https:\/\/agora.xtec.cat\/ies-enric-borras\/wp-json\/wp\/v2\/posts\/7180\/revisions"}],"predecessor-version":[{"id":7182,"href":"https:\/\/agora.xtec.cat\/ies-enric-borras\/wp-json\/wp\/v2\/posts\/7180\/revisions\/7182"}],"wp:featuredmedia":[{"embeddable":true,"href":"https:\/\/agora.xtec.cat\/ies-enric-borras\/wp-json\/wp\/v2\/media\/7181"}],"wp:attachment":[{"href":"https:\/\/agora.xtec.cat\/ies-enric-borras\/wp-json\/wp\/v2\/media?parent=7180"}],"wp:term":[{"taxonomy":"category","embeddable":true,"href":"https:\/\/agora.xtec.cat\/ies-enric-borras\/wp-json\/wp\/v2\/categories?post=7180"},{"taxonomy":"post_tag","embeddable":true,"href":"https:\/\/agora.xtec.cat\/ies-enric-borras\/wp-json\/wp\/v2\/tags?post=7180"}],"curies":[{"name":"wp","href":"https:\/\/api.w.org\/{rel}","templated":true}]}}