{"id":5743,"date":"2021-11-20T22:06:57","date_gmt":"2021-11-20T21:06:57","guid":{"rendered":"https:\/\/agora.xtec.cat\/ies-enric-borras\/?p=5743"},"modified":"2023-03-24T09:40:09","modified_gmt":"2023-03-24T08:40:09","slug":"candidatures-dalumnes-al-consell-escolar","status":"publish","type":"post","link":"https:\/\/agora.xtec.cat\/ies-enric-borras\/eso\/eso-4\/candidatures-dalumnes-al-consell-escolar\/","title":{"rendered":"Candidatures d&#8217;alumnes al Consell Escolar"},"content":{"rendered":"<p>Els candidats que es presenten per formar part del consell escolar es presenten:<\/p>\n<p>S\u00f3c Judith Jarque Rodriguez de 4E, em presento al Consell Escolar ja que m\u2019agradaria ahudar a l\u2019institut amb les meves idees. A m\u00e9s, em veig capa\u00e7 de representar als i les alumnes de l\u2019institut, comptant amb l\u2019opini\u00f3 de tothom.<\/p>\n<div style=\"width: 384px;\" class=\"wp-video\"><!--[if lt IE 9]><script>document.createElement('video');<\/script><![endif]-->\n<video class=\"wp-video-shortcode\" id=\"video-5743-1\" width=\"384\" height=\"640\" preload=\"metadata\" controls=\"controls\"><source type=\"video\/mp4\" src=\"https:\/\/agora.xtec.cat\/ies-enric-borras\/wp-content\/uploads\/usu558\/Judith-Jarque.mp4?_=1\" \/><a href=\"https:\/\/agora.xtec.cat\/ies-enric-borras\/wp-content\/uploads\/usu558\/Judith-Jarque.mp4\">https:\/\/agora.xtec.cat\/ies-enric-borras\/wp-content\/uploads\/usu558\/Judith-Jarque.mp4<\/a><\/video><\/div>\n<p>Em dic J\u00falia Massegur Rodriguez- Carretero i s\u00f3c alumne de 4t de la ESO. Em presento per formar part del consell escolar per representar l&#8217;alumnar perqu\u00e8 en la meva opini\u00f3 puc aportar moltes idees i millorar coses en el funcionament del nostre institut.<\/p>\n<div style=\"width: 384px;\" class=\"wp-video\"><video class=\"wp-video-shortcode\" id=\"video-5743-2\" width=\"384\" height=\"640\" preload=\"metadata\" controls=\"controls\"><source type=\"video\/mp4\" src=\"https:\/\/agora.xtec.cat\/ies-enric-borras\/wp-content\/uploads\/usu558\/Julia-Massegur.mp4?_=2\" \/><a href=\"https:\/\/agora.xtec.cat\/ies-enric-borras\/wp-content\/uploads\/usu558\/Julia-Massegur.mp4\">https:\/\/agora.xtec.cat\/ies-enric-borras\/wp-content\/uploads\/usu558\/Julia-Massegur.mp4<\/a><\/video><\/div>\n<p>S\u00f3c Manuela Pel\u00e1ez, de 4t de la ESO. S\u00f3c una de les candidates del consell. S\u00f3c una persona responsable, treballadora, emp\u00e0tica, emprenedora i solidaria. Considero que he de ser la vostre representant, perqu\u00e8 el meu objectiu \u00e9s donar a con\u00e8ixer als altres membres del consell, les vostres idees i pensaments, realitzar activitats on podreu sentir-vos be i divertir-vos, vull escoltar-vos, ajudar-vos formar un equip molt eficient amb vosaltres, i, sobretot, ser la vostra veu.<\/p>\n<div style=\"width: 384px;\" class=\"wp-video\"><video class=\"wp-video-shortcode\" id=\"video-5743-3\" width=\"384\" height=\"640\" preload=\"metadata\" controls=\"controls\"><source type=\"video\/mp4\" src=\"https:\/\/agora.xtec.cat\/ies-enric-borras\/wp-content\/uploads\/usu558\/Manuela-Pelaez.mp4?_=3\" \/><a href=\"https:\/\/agora.xtec.cat\/ies-enric-borras\/wp-content\/uploads\/usu558\/Manuela-Pelaez.mp4\">https:\/\/agora.xtec.cat\/ies-enric-borras\/wp-content\/uploads\/usu558\/Manuela-Pelaez.mp4<\/a><\/video><\/div>\n<p>Hola s\u00f3c Malak Taghzouti, alumna de 4t F. Em vull presentar per al consell escolar perqu\u00e8 penso que puc ser molt responsable i organitzada amb tot el que em demanin, us ajudare i escoltar en tot el que em proposeu!!<br \/>\nM&#8217;agradaria que em votessiu.\ud83e\udd0e<\/p>\n<p><img loading=\"lazy\" decoding=\"async\" src=\"https:\/\/agora.xtec.cat\/ies-enric-borras\/wp-content\/uploads\/usu558\/WhatsApp-Image-2021-11-20-at-18.34.16-546x1024.jpeg\" alt=\"\" width=\"546\" height=\"1024\" class=\"aligncenter size-large wp-image-5747\" srcset=\"https:\/\/agora.xtec.cat\/ies-enric-borras\/wp-content\/uploads\/usu558\/WhatsApp-Image-2021-11-20-at-18.34.16-546x1024.jpeg 546w, https:\/\/agora.xtec.cat\/ies-enric-borras\/wp-content\/uploads\/usu558\/WhatsApp-Image-2021-11-20-at-18.34.16-160x300.jpeg 160w, https:\/\/agora.xtec.cat\/ies-enric-borras\/wp-content\/uploads\/usu558\/WhatsApp-Image-2021-11-20-at-18.34.16-768x1441.jpeg 768w, https:\/\/agora.xtec.cat\/ies-enric-borras\/wp-content\/uploads\/usu558\/WhatsApp-Image-2021-11-20-at-18.34.16-819x1536.jpeg 819w, https:\/\/agora.xtec.cat\/ies-enric-borras\/wp-content\/uploads\/usu558\/WhatsApp-Image-2021-11-20-at-18.34.16.jpeg 853w\" sizes=\"auto, (max-width: 546px) 100vw, 546px\" \/><\/p>\n<p>Jair Victor Codina Arnero<br \/>\n<div style=\"width: 384px;\" class=\"wp-video\"><video class=\"wp-video-shortcode\" id=\"video-5743-4\" width=\"384\" height=\"640\" preload=\"metadata\" controls=\"controls\"><source type=\"video\/mp4\" src=\"https:\/\/agora.xtec.cat\/ies-enric-borras\/wp-content\/uploads\/usu558\/IMG_113996138.mp4?_=4\" \/><a href=\"https:\/\/agora.xtec.cat\/ies-enric-borras\/wp-content\/uploads\/usu558\/IMG_113996138.mp4\">https:\/\/agora.xtec.cat\/ies-enric-borras\/wp-content\/uploads\/usu558\/IMG_113996138.mp4<\/a><\/video><\/div><\/p>\n","protected":false},"excerpt":{"rendered":"<p>Els candidats que es presenten per formar part del consell escolar es presenten:<br \/>\nS\u00f3c Judith Jarque Rodriguez de 4E, em presento al Consell Escolar ja que m\u2019agradaria ahudar a l\u2019institut amb les meves idees. A m\u00e9s, em veig capa\u00e7 de representar als i les alumnes de&hellip;  <a href=\"https:\/\/agora.xtec.cat\/ies-enric-borras\/eso\/eso-4\/candidatures-dalumnes-al-consell-escolar\/\" title=\"Read Candidatures d&#8217;alumnes al Consell Escolar\">Llegeix m\u00e9s\u00bb<\/a><\/p>\n","protected":false},"author":1,"featured_media":5748,"comment_status":"open","ping_status":"closed","sticky":false,"template":"","format":"standard","meta":{"_bbp_topic_count":0,"_bbp_reply_count":0,"_bbp_total_topic_count":0,"_bbp_total_reply_count":0,"_bbp_voice_count":0,"_bbp_anonymous_reply_count":0,"_bbp_topic_count_hidden":0,"_bbp_reply_count_hidden":0,"_bbp_forum_subforum_count":0,"footnotes":""},"categories":[31,7,29],"tags":[221],"class_list":["post-5743","post","type-post","status-publish","format-standard","has-post-thumbnail","hentry","category-ampa","category-eso-4","category-portada","tag-consell-escolar"],"post_mailing_queue_ids":[],"_links":{"self":[{"href":"https:\/\/agora.xtec.cat\/ies-enric-borras\/wp-json\/wp\/v2\/posts\/5743","targetHints":{"allow":["GET"]}}],"collection":[{"href":"https:\/\/agora.xtec.cat\/ies-enric-borras\/wp-json\/wp\/v2\/posts"}],"about":[{"href":"https:\/\/agora.xtec.cat\/ies-enric-borras\/wp-json\/wp\/v2\/types\/post"}],"author":[{"embeddable":true,"href":"https:\/\/agora.xtec.cat\/ies-enric-borras\/wp-json\/wp\/v2\/users\/1"}],"replies":[{"embeddable":true,"href":"https:\/\/agora.xtec.cat\/ies-enric-borras\/wp-json\/wp\/v2\/comments?post=5743"}],"version-history":[{"count":3,"href":"https:\/\/agora.xtec.cat\/ies-enric-borras\/wp-json\/wp\/v2\/posts\/5743\/revisions"}],"predecessor-version":[{"id":5757,"href":"https:\/\/agora.xtec.cat\/ies-enric-borras\/wp-json\/wp\/v2\/posts\/5743\/revisions\/5757"}],"wp:featuredmedia":[{"embeddable":true,"href":"https:\/\/agora.xtec.cat\/ies-enric-borras\/wp-json\/wp\/v2\/media\/5748"}],"wp:attachment":[{"href":"https:\/\/agora.xtec.cat\/ies-enric-borras\/wp-json\/wp\/v2\/media?parent=5743"}],"wp:term":[{"taxonomy":"category","embeddable":true,"href":"https:\/\/agora.xtec.cat\/ies-enric-borras\/wp-json\/wp\/v2\/categories?post=5743"},{"taxonomy":"post_tag","embeddable":true,"href":"https:\/\/agora.xtec.cat\/ies-enric-borras\/wp-json\/wp\/v2\/tags?post=5743"}],"curies":[{"name":"wp","href":"https:\/\/api.w.org\/{rel}","templated":true}]}}