{"id":4949,"date":"2021-03-10T14:15:14","date_gmt":"2021-03-10T13:15:14","guid":{"rendered":"http:\/\/agora.xtec.cat\/ies-enric-borras\/?p=4949"},"modified":"2023-03-24T09:41:41","modified_gmt":"2023-03-24T08:41:41","slug":"preinscripcio-eso-curs-2021-2022","status":"publish","type":"post","link":"https:\/\/agora.xtec.cat\/ies-enric-borras\/general\/preinscripcio-eso-curs-2021-2022\/","title":{"rendered":"PREINSCRIPCI\u00d3 ESO CURS 2021\/2022 del 17 al 24 de mar\u00e7"},"content":{"rendered":"<p><span style=\"text-decoration: underline;\"><span class=\"fontstyle0\">Aquest curs totes les sol\u00b7licituds s\u00f3n en format telem\u00e0tic, per tant, no hi ha la possibilitat de full de preinscripci\u00f3 en paper. <\/span><\/span><\/p>\n<p><span class=\"fontstyle0\">Hi ha dues maneres:<\/span><\/p>\n<p><span class=\"fontstyle0\"><br \/>\n<\/span><span class=\"fontstyle2\"><strong>A) Sol\u00b7licitud electr\u00f2nica.<\/strong> <\/span><span class=\"fontstyle0\">Cal tenir l&#8217;identificador idCAT m\u00f2bil (del pare\/mare, tutor\/a) o altres certificats digitals (DNIe, Cl@ve,&#8230;), i el n\u00famero d&#8217;identificaci\u00f3 de l&#8217;alumne\/a (RALC)<br \/>\nque us ha de donar el vostre centre actual. El tr\u00e0mit de presentaci\u00f3 s&#8217;acaba amb l&#8217;enviament del formulari. Us adjuntem full on hi ha els passos que cal seguir per a l\u2019obtenci\u00f3 de l\u2019idCAT m\u00f2bil.<\/span><\/p>\n<p><span class=\"fontstyle0\"><br \/>\n<\/span><span class=\"fontstyle0\">Documentaci\u00f3 que cal adjuntar:<\/span><\/p>\n<p><span class=\"fontstyle3\">\uf0b7 <\/span><span class=\"fontstyle0\">Nom\u00e9s cal adjuntar la documentaci\u00f3 que no s\u2019ha pogut validar.<\/span><\/p>\n<p><span class=\"fontstyle0\"><br \/>\n<\/span><span class=\"fontstyle2\"><strong>B) Inscripci\u00f3 amb suport inform\u00e0tic.<\/strong> <\/span><span class=\"fontstyle0\">Per a les fam\u00edlies que no tinguin cap identificador digital. Caldr\u00e0 identificar l\u2019alumne\/a amb el seu n\u00fam. d\u2019identificaci\u00f3 d\u2019alumne (RALC) i<br \/>\nomplir el formulari; a l\u2019enviar-ho es far\u00e0 l\u2019intercanvi de dades amb les administracions implicades. Demanar el RALC al centre d\u2019origen.<\/span><\/p>\n<p><span class=\"fontstyle0\">Documentaci\u00f3 que cal adjuntar:<\/span><\/p>\n<p><span class=\"fontstyle3\">\uf0b7 <\/span><span class=\"fontstyle0\">Sempre s\u2019haur\u00e0 d\u2019adjuntar el document identificatiu de la persona que presenta la sol\u00b7licitud (DNI, NIE, passaport, &#8230;) i el llibre de fam\u00edlia.<br \/>\n<\/span><span class=\"fontstyle3\">\uf0b7 <\/span><span class=\"fontstyle0\">Altra documentaci\u00f3 que no s\u2019hagi pogut validar.<\/span><\/p>\n<p><span class=\"fontstyle0\"><br \/>\n<em>Si l\u2019alumne\/a o fam\u00edlia teniu alguna dificultat, dubte o alguna pregunta podeu trucar a l\u2019institut de <\/em><em>9.00 a 14.00 hores, de dilluns a divendres.<\/em><\/span><\/p>\n<p><span class=\"fontstyle0\"><br \/>\n<\/span><span class=\"fontstyle2\">RECOMANACI\u00d3: <\/span><span class=\"fontstyle0\">Tenir preparada la documentaci\u00f3 identificativa (DNI\/NIE\/Passaport, llibre de fam\u00edlia,&#8230;) i la documentaci\u00f3 a efectes del barem (fam\u00edlia nombrosa o monoparental, disminuci\u00f3,<br \/>\nrenda garantida de ciutadania,..) per si no es pot validar. S\u2019haur\u00e0 d\u2019escanejar o fotografiar per a adjuntar-la a la sol\u00b7licitud.<\/span><\/p>\n<p><span class=\"fontstyle0\"><br \/>\nCodi de l\u2019Institut Enric Borr\u00e0s: <strong>08045604<\/strong><br \/>\n<\/span><\/p>\n<p><span class=\"fontstyle2\">Horari de secretaria:<br \/>\nDe 9.00 a 14.00 hores, de dilluns a divendres<br \/>\nDe 15.30 a 17.30, dimarts i dijous<\/span><br \/>\n<span class=\"fontstyle2\"><br \/>\n<strong>CALENDARI PREINSCRIPCI\u00d3 ESO 2021-2022<\/strong><br \/>\n<\/span><\/p>\n<p>&nbsp;<\/p>\n<table class=\"NormalTable\">\n<tbody>\n<tr>\n<td width=\"280\"><span class=\"fontstyle2\">Fases de la preinscripci\u00f3 <\/span><\/td>\n<td width=\"368\"><span class=\"fontstyle2\">Dates<\/span><\/td>\n<\/tr>\n<tr>\n<td width=\"280\"><span class=\"fontstyle2\">Presentaci\u00f3 sol\u00b7licituds <\/span><\/td>\n<td width=\"368\"><span class=\"fontstyle2\">del 17 al 24 de mar\u00e7<\/span><\/td>\n<\/tr>\n<tr>\n<td width=\"280\"><span class=\"fontstyle0\">Llistes baremades provisionals <\/span><\/td>\n<td width=\"368\"><span class=\"fontstyle0\">19 d\u2019abril<\/span><\/td>\n<\/tr>\n<tr>\n<td width=\"280\"><span class=\"fontstyle0\">Reclamacions a les llistes baremades <\/span><\/td>\n<td width=\"368\"><span class=\"fontstyle0\">del 20 al 26 d\u2019abril<\/span><\/td>\n<\/tr>\n<tr>\n<td width=\"280\"><span class=\"fontstyle0\">Llistes baremades definitives <\/span><\/td>\n<td width=\"368\"><span class=\"fontstyle0\">30 d\u2019abril<\/span><\/td>\n<\/tr>\n<tr>\n<td width=\"280\"><span class=\"fontstyle0\">Llistes ordenades definitives <\/span><\/td>\n<td width=\"368\"><span class=\"fontstyle0\">7 de maig<\/span><\/td>\n<\/tr>\n<tr>\n<td width=\"280\"><span class=\"fontstyle2\">Llistes d\u2019alumnes admesos <\/span><\/td>\n<td width=\"368\"><span class=\"fontstyle2\">7 de juny<\/span><\/td>\n<\/tr>\n<tr>\n<td width=\"280\"><span class=\"fontstyle2\">Matr\u00edcula<\/span><\/td>\n<td width=\"150\"><span class=\"fontstyle2\">1r d\u2019ESO\u00a0 <\/span><span class=\"fontstyle2\">del 14 al 18 de juny<\/span><\/td>\n<\/tr>\n<tr>\n<td width=\"150\"><\/td>\n<td width=\"217\"><span class=\"fontstyle2\">2n, 3r i 4t d\u2019ESO del 28 de juny al 2 de juliol<\/span><\/td>\n<\/tr>\n<\/tbody>\n<\/table>\n<p>&nbsp;<\/p>\n","protected":false},"excerpt":{"rendered":"<p>Aquest curs totes les sol\u00b7licituds s\u00f3n en format telem\u00e0tic, per tant, no hi ha la possibilitat de full de preinscripci\u00f3 en paper.<br \/>\nHi ha dues maneres:<\/p>\n<p>A) Sol\u00b7licitud electr\u00f2nica. Cal tenir l&#8217;identificador idCAT m\u00f2bil (del pare\/mare, tutor\/a) o altres certificats digitals (DNIe, Cl@ve,&#8230;), i el n\u00famero&hellip;  <a href=\"https:\/\/agora.xtec.cat\/ies-enric-borras\/general\/preinscripcio-eso-curs-2021-2022\/\" title=\"Read PREINSCRIPCI\u00d3 ESO CURS 2021\/2022 del 17 al 24 de mar\u00e7\">Llegeix m\u00e9s\u00bb<\/a><\/p>\n","protected":false},"author":1,"featured_media":0,"comment_status":"open","ping_status":"closed","sticky":false,"template":"","format":"standard","meta":{"_bbp_topic_count":0,"_bbp_reply_count":0,"_bbp_total_topic_count":0,"_bbp_total_reply_count":0,"_bbp_voice_count":0,"_bbp_anonymous_reply_count":0,"_bbp_topic_count_hidden":0,"_bbp_reply_count_hidden":0,"_bbp_forum_subforum_count":0,"footnotes":""},"categories":[3,1,29],"tags":[],"class_list":["post-4949","post","type-post","status-publish","format-standard","hentry","category-eso","category-general","category-portada"],"post_mailing_queue_ids":[],"_links":{"self":[{"href":"https:\/\/agora.xtec.cat\/ies-enric-borras\/wp-json\/wp\/v2\/posts\/4949","targetHints":{"allow":["GET"]}}],"collection":[{"href":"https:\/\/agora.xtec.cat\/ies-enric-borras\/wp-json\/wp\/v2\/posts"}],"about":[{"href":"https:\/\/agora.xtec.cat\/ies-enric-borras\/wp-json\/wp\/v2\/types\/post"}],"author":[{"embeddable":true,"href":"https:\/\/agora.xtec.cat\/ies-enric-borras\/wp-json\/wp\/v2\/users\/1"}],"replies":[{"embeddable":true,"href":"https:\/\/agora.xtec.cat\/ies-enric-borras\/wp-json\/wp\/v2\/comments?post=4949"}],"version-history":[{"count":3,"href":"https:\/\/agora.xtec.cat\/ies-enric-borras\/wp-json\/wp\/v2\/posts\/4949\/revisions"}],"predecessor-version":[{"id":4973,"href":"https:\/\/agora.xtec.cat\/ies-enric-borras\/wp-json\/wp\/v2\/posts\/4949\/revisions\/4973"}],"wp:attachment":[{"href":"https:\/\/agora.xtec.cat\/ies-enric-borras\/wp-json\/wp\/v2\/media?parent=4949"}],"wp:term":[{"taxonomy":"category","embeddable":true,"href":"https:\/\/agora.xtec.cat\/ies-enric-borras\/wp-json\/wp\/v2\/categories?post=4949"},{"taxonomy":"post_tag","embeddable":true,"href":"https:\/\/agora.xtec.cat\/ies-enric-borras\/wp-json\/wp\/v2\/tags?post=4949"}],"curies":[{"name":"wp","href":"https:\/\/api.w.org\/{rel}","templated":true}]}}