{"id":4597,"date":"2020-10-27T12:30:22","date_gmt":"2020-10-27T11:30:22","guid":{"rendered":"http:\/\/agora.xtec.cat\/ies-enric-borras\/?p=4597"},"modified":"2023-03-24T09:42:01","modified_gmt":"2023-03-24T08:42:01","slug":"primer-concurs-de-decoracions-de-castaween","status":"publish","type":"post","link":"https:\/\/agora.xtec.cat\/ies-enric-borras\/general\/primer-concurs-de-decoracions-de-castaween\/","title":{"rendered":"PRIMER CONCURS DE DECORACIONS DE CASTAWEEN"},"content":{"rendered":"<p>Enguany celebrem els<strong> primer concurs de decoracions de Castaween<\/strong> \ud83c\udf83 \ud83c\udf42 a l\u2019ESO i Cicles. #Castaween2020eb<\/p>\n<p><strong>PARTICIPACI\u00d3<\/strong> Els grups hauran d\u2019ambientar tem\u00e0ticament les seves aules. El <strong>tema<\/strong> consensuat amb el tutor\/a I equip docent implicat haur\u00e0 d\u2019estar relacionat amb la <strong>Castanyada i Halloween<\/strong> \ud83c\udf30 \ud83c\udf83.<br \/>\n<strong>TERMINI<\/strong>. La participaci\u00f3 es far\u00e0 mitjan\u00e7ant una menci\u00f3 a <strong>Stories<\/strong> a l\u2019instagram de l\u2019institut @ins_enric_borras i els hashtag #Castaween2020eb abans del dijous <strong>29 d\u2019octubre de 2020<\/strong> \u23f0\ud83d\udcf7\ud83e\uddd9\ud83c\udffc\u200d\u2640\ufe0f<br \/>\nCaldr\u00e0 indicar el grup classe en la Story.<\/p>\n<p><strong>CATEGORIES<\/strong>. Hi haur\u00e0 tres categories.<br \/>\n\ud83e\udd87 Primer cicle. 1r i 2n d\u2019ESO.<br \/>\n\ud83e\udddf\u200d\u2640\ufe0f Segon cicle. 3r i 4t d\u2019ESO.<br \/>\n\ud83c\udf42 Cicles. CFGM i CFGS.<br \/>\n<strong>L\u2019alumnat de Cicles s\u2019haur\u00e0 de posar en contacte amb les professores responsables per saber les condicions del concurs en la seva categoria<\/strong><\/p>\n<p><strong>PREMIS<\/strong>. En cada categoria hi haur\u00e0 un premi que consistir\u00e0 en <strong>entrades de cinema<\/strong> per la classe guanyadora \ud83c\udfa5 \ud83c\udf7f \ud83e\udddf\u200d\u2640\ufe0f\ud83e\udddf\u200d\u2640\ufe0f\ud83e\udddf\u200d\u2640\ufe0f\ud83d\udc7b\ud83c\udf83\ud83c\udf42\ud83d\ude31<br \/>\n<img loading=\"lazy\" decoding=\"async\" src=\"https:\/\/agora.xtec.cat\/ies-enric-borras\/wp-content\/uploads\/usu558\/WhatsApp-Image-2020-10-23-at-09.09.45.jpeg\" alt=\"\" width=\"750\" height=\"461\" class=\"aligncenter size-full wp-image-4598\" srcset=\"https:\/\/agora.xtec.cat\/ies-enric-borras\/wp-content\/uploads\/usu558\/WhatsApp-Image-2020-10-23-at-09.09.45.jpeg 750w, https:\/\/agora.xtec.cat\/ies-enric-borras\/wp-content\/uploads\/usu558\/WhatsApp-Image-2020-10-23-at-09.09.45-300x184.jpeg 300w\" sizes=\"auto, (max-width: 750px) 100vw, 750px\" \/><\/p>\n","protected":false},"excerpt":{"rendered":"<p>Enguany celebrem els primer concurs de decoracions de Castaween \ud83c\udf83 \ud83c\udf42 a l\u2019ESO i Cicles. #Castaween2020eb<br \/>\nPARTICIPACI\u00d3 Els grups hauran d\u2019ambientar tem\u00e0ticament les seves aules. El tema consensuat amb el tutor\/a I equip docent implicat haur\u00e0 d\u2019estar relacionat amb la Castanyada i Halloween \ud83c\udf30 \ud83c\udf83.<br \/>\nTERMINI. La&hellip;  <a href=\"https:\/\/agora.xtec.cat\/ies-enric-borras\/general\/primer-concurs-de-decoracions-de-castaween\/\" title=\"Read PRIMER CONCURS DE DECORACIONS DE CASTAWEEN\">Llegeix m\u00e9s\u00bb<\/a><\/p>\n","protected":false},"author":1,"featured_media":4598,"comment_status":"open","ping_status":"closed","sticky":false,"template":"","format":"standard","meta":{"_bbp_topic_count":0,"_bbp_reply_count":0,"_bbp_total_topic_count":0,"_bbp_total_reply_count":0,"_bbp_voice_count":0,"_bbp_anonymous_reply_count":0,"_bbp_topic_count_hidden":0,"_bbp_reply_count_hidden":0,"_bbp_forum_subforum_count":0,"footnotes":""},"categories":[3,30,1,29],"tags":[263],"class_list":["post-4597","post","type-post","status-publish","format-standard","has-post-thumbnail","hentry","category-eso","category-cicles-formatius","category-general","category-portada","tag-castaween"],"post_mailing_queue_ids":[],"_links":{"self":[{"href":"https:\/\/agora.xtec.cat\/ies-enric-borras\/wp-json\/wp\/v2\/posts\/4597","targetHints":{"allow":["GET"]}}],"collection":[{"href":"https:\/\/agora.xtec.cat\/ies-enric-borras\/wp-json\/wp\/v2\/posts"}],"about":[{"href":"https:\/\/agora.xtec.cat\/ies-enric-borras\/wp-json\/wp\/v2\/types\/post"}],"author":[{"embeddable":true,"href":"https:\/\/agora.xtec.cat\/ies-enric-borras\/wp-json\/wp\/v2\/users\/1"}],"replies":[{"embeddable":true,"href":"https:\/\/agora.xtec.cat\/ies-enric-borras\/wp-json\/wp\/v2\/comments?post=4597"}],"version-history":[{"count":1,"href":"https:\/\/agora.xtec.cat\/ies-enric-borras\/wp-json\/wp\/v2\/posts\/4597\/revisions"}],"predecessor-version":[{"id":4599,"href":"https:\/\/agora.xtec.cat\/ies-enric-borras\/wp-json\/wp\/v2\/posts\/4597\/revisions\/4599"}],"wp:featuredmedia":[{"embeddable":true,"href":"https:\/\/agora.xtec.cat\/ies-enric-borras\/wp-json\/wp\/v2\/media\/4598"}],"wp:attachment":[{"href":"https:\/\/agora.xtec.cat\/ies-enric-borras\/wp-json\/wp\/v2\/media?parent=4597"}],"wp:term":[{"taxonomy":"category","embeddable":true,"href":"https:\/\/agora.xtec.cat\/ies-enric-borras\/wp-json\/wp\/v2\/categories?post=4597"},{"taxonomy":"post_tag","embeddable":true,"href":"https:\/\/agora.xtec.cat\/ies-enric-borras\/wp-json\/wp\/v2\/tags?post=4597"}],"curies":[{"name":"wp","href":"https:\/\/api.w.org\/{rel}","templated":true}]}}