{"id":4080,"date":"2020-05-20T16:44:17","date_gmt":"2020-05-20T14:44:17","guid":{"rendered":"http:\/\/agora.xtec.cat\/ies-enric-borras\/?p=4080"},"modified":"2023-03-24T09:42:14","modified_gmt":"2023-03-24T08:42:14","slug":"informacio-matricula-dels-nostres-alumnes","status":"publish","type":"post","link":"https:\/\/agora.xtec.cat\/ies-enric-borras\/general\/informacio-matricula-dels-nostres-alumnes\/","title":{"rendered":"Informaci\u00f3 matr\u00edcula dels nostres alumnes"},"content":{"rendered":"<p>Matriculaci\u00f3n de nuestros alumnos 1ESO \/ 2ESO \/3ESO 19\/20 para el curso 20\/21<\/p>\n<p>Durante estos d\u00edas estamos pre inscribiendo a los alumnos de sexto de nuestras escuelas adscritas.\u00bfQu\u00e9 pasa con nuestros alumnos de los cursos indicados?: no sabemos c\u00f3mo lo vamos a hacer. Estamos esperando instrucciones. En cuanto sepamos algo lo difundiremos a las familias y a los alumnos.<\/p>\n<p>\u00bfEn qu\u00e9 consiste dicha matriculaci\u00f3n?: en traer rellenada y firmada la hoja de confirmaci\u00f3n de plaza de cara al curso siguiente (s\u00f3lo es firmarla si todos los datos son correctos) y el pago de la matr\u00edcula (60\u20ac el primer alumno y 25\u20ac los hermanos). No sabemos si lo haremos online, presencial con cita previa,&#8230; paciencia. No nos queda otra. Pero estar tranquilos que la plaza se tiene asegurada<\/p>\n<p>Saludos<\/p>\n","protected":false},"excerpt":{"rendered":"<p>Matriculaci\u00f3n de nuestros alumnos 1ESO \/ 2ESO \/3ESO 19\/20 para el curso 20\/21<br \/>\nDurante estos d\u00edas estamos pre inscribiendo a los alumnos de sexto de nuestras escuelas adscritas.\u00bfQu\u00e9 pasa con nuestros alumnos de los cursos indicados?: no sabemos c\u00f3mo lo vamos a hacer. Estamos esperando instrucciones.&hellip;  <a href=\"https:\/\/agora.xtec.cat\/ies-enric-borras\/general\/informacio-matricula-dels-nostres-alumnes\/\" title=\"Read Informaci\u00f3 matr\u00edcula dels nostres alumnes\">Llegeix m\u00e9s\u00bb<\/a><\/p>\n","protected":false},"author":1,"featured_media":4081,"comment_status":"open","ping_status":"closed","sticky":false,"template":"","format":"standard","meta":{"_bbp_topic_count":0,"_bbp_reply_count":0,"_bbp_total_topic_count":0,"_bbp_total_reply_count":0,"_bbp_voice_count":0,"_bbp_anonymous_reply_count":0,"_bbp_topic_count_hidden":0,"_bbp_reply_count_hidden":0,"_bbp_forum_subforum_count":0,"footnotes":""},"categories":[31,3,1,29,71],"tags":[285],"class_list":["post-4080","post","type-post","status-publish","format-standard","has-post-thumbnail","hentry","category-ampa","category-eso","category-general","category-portada","category-tauler","tag-covid-19"],"post_mailing_queue_ids":[],"_links":{"self":[{"href":"https:\/\/agora.xtec.cat\/ies-enric-borras\/wp-json\/wp\/v2\/posts\/4080","targetHints":{"allow":["GET"]}}],"collection":[{"href":"https:\/\/agora.xtec.cat\/ies-enric-borras\/wp-json\/wp\/v2\/posts"}],"about":[{"href":"https:\/\/agora.xtec.cat\/ies-enric-borras\/wp-json\/wp\/v2\/types\/post"}],"author":[{"embeddable":true,"href":"https:\/\/agora.xtec.cat\/ies-enric-borras\/wp-json\/wp\/v2\/users\/1"}],"replies":[{"embeddable":true,"href":"https:\/\/agora.xtec.cat\/ies-enric-borras\/wp-json\/wp\/v2\/comments?post=4080"}],"version-history":[{"count":1,"href":"https:\/\/agora.xtec.cat\/ies-enric-borras\/wp-json\/wp\/v2\/posts\/4080\/revisions"}],"predecessor-version":[{"id":4082,"href":"https:\/\/agora.xtec.cat\/ies-enric-borras\/wp-json\/wp\/v2\/posts\/4080\/revisions\/4082"}],"wp:featuredmedia":[{"embeddable":true,"href":"https:\/\/agora.xtec.cat\/ies-enric-borras\/wp-json\/wp\/v2\/media\/4081"}],"wp:attachment":[{"href":"https:\/\/agora.xtec.cat\/ies-enric-borras\/wp-json\/wp\/v2\/media?parent=4080"}],"wp:term":[{"taxonomy":"category","embeddable":true,"href":"https:\/\/agora.xtec.cat\/ies-enric-borras\/wp-json\/wp\/v2\/categories?post=4080"},{"taxonomy":"post_tag","embeddable":true,"href":"https:\/\/agora.xtec.cat\/ies-enric-borras\/wp-json\/wp\/v2\/tags?post=4080"}],"curies":[{"name":"wp","href":"https:\/\/api.w.org\/{rel}","templated":true}]}}