{"id":2446,"date":"2018-05-24T22:42:03","date_gmt":"2018-05-24T20:42:03","guid":{"rendered":"http:\/\/agora.xtec.cat\/ies-enric-borras\/?p=2446"},"modified":"2023-03-24T09:44:13","modified_gmt":"2023-03-24T08:44:13","slug":"el-viatge-de-lunai","status":"publish","type":"post","link":"https:\/\/agora.xtec.cat\/ies-enric-borras\/portada\/el-viatge-de-lunai\/","title":{"rendered":"El viatge de l&#8217;Unai"},"content":{"rendered":"<p style=\"text-align: justify\">L&#8217;alumnat de primer ESO vam anar a la CCCB a veure &#8220;el viatge de l&#8217;Unai&#8221; tota una hist\u00f2ria plena d&#8217;aventures pels cinc continents. Us farem un petit resum:\u00a0 \u00c9s la\u00a0hist\u00f2ria d\u2019un nen de deu anys, l\u2019Unai, i la seva fam\u00edlia en un viatge extraordinari al voltant del m\u00f3n. El pare, fot\u00f2graf de natura, t\u00e9 la missi\u00f3 de buscar set animals emblem\u00e0tics per fotografiar-los i mostrar la delicada situaci\u00f3 en qu\u00e8 es troben. Durant m\u00e9s d\u2019un any, l\u2019Unai segueix les passes del pare compartint amb la seva germana i la mare unes experi\u00e8ncies vitals \u00faniques, que transmeten un amor incondicional per la natura. Llops, elefants, pumes, bisons, ping\u00fcins, calaus i cocodrils s\u00f3n els protagonistes d\u2019un viatge apassionant per tots els continents.<\/p>\n<p><iframe loading=\"lazy\" title=\"Tr\u00e0iler EL VIATGE DE L&#039;UNAI. Una pel\u00b7l\u00edcula documental d&#039;Andoni Canela\" width=\"500\" height=\"281\" src=\"https:\/\/www.youtube.com\/embed\/76I_qtcPgpY?feature=oembed\" frameborder=\"0\" allow=\"accelerometer; autoplay; clipboard-write; encrypted-media; gyroscope; picture-in-picture; web-share\" referrerpolicy=\"strict-origin-when-cross-origin\" allowfullscreen><\/iframe><\/p>\n","protected":false},"excerpt":{"rendered":"<p>L&#8217;alumnat de primer ESO vam anar a la CCCB a veure &#8220;el viatge de l&#8217;Unai&#8221; tota una hist\u00f2ria plena d&#8217;aventures pels cinc continents. Us farem un petit resum:\u00a0 \u00c9s la\u00a0hist\u00f2ria d\u2019un nen de deu anys, l\u2019Unai, i la seva fam\u00edlia en un viatge extraordinari al&hellip;  <a href=\"https:\/\/agora.xtec.cat\/ies-enric-borras\/portada\/el-viatge-de-lunai\/\" title=\"Read El viatge de l&#8217;Unai\">Llegeix m\u00e9s\u00bb<\/a><\/p>\n","protected":false},"author":14,"featured_media":2447,"comment_status":"open","ping_status":"closed","sticky":false,"template":"","format":"standard","meta":{"_bbp_topic_count":0,"_bbp_reply_count":0,"_bbp_total_topic_count":0,"_bbp_total_reply_count":0,"_bbp_voice_count":0,"_bbp_anonymous_reply_count":0,"_bbp_topic_count_hidden":0,"_bbp_reply_count_hidden":0,"_bbp_forum_subforum_count":0,"footnotes":""},"categories":[74,29,98],"tags":[],"class_list":["post-2446","post","type-post","status-publish","format-standard","has-post-thumbnail","hentry","category-eso-1","category-portada","category-siei"],"post_mailing_queue_ids":[],"_links":{"self":[{"href":"https:\/\/agora.xtec.cat\/ies-enric-borras\/wp-json\/wp\/v2\/posts\/2446","targetHints":{"allow":["GET"]}}],"collection":[{"href":"https:\/\/agora.xtec.cat\/ies-enric-borras\/wp-json\/wp\/v2\/posts"}],"about":[{"href":"https:\/\/agora.xtec.cat\/ies-enric-borras\/wp-json\/wp\/v2\/types\/post"}],"author":[{"embeddable":true,"href":"https:\/\/agora.xtec.cat\/ies-enric-borras\/wp-json\/wp\/v2\/users\/14"}],"replies":[{"embeddable":true,"href":"https:\/\/agora.xtec.cat\/ies-enric-borras\/wp-json\/wp\/v2\/comments?post=2446"}],"version-history":[{"count":2,"href":"https:\/\/agora.xtec.cat\/ies-enric-borras\/wp-json\/wp\/v2\/posts\/2446\/revisions"}],"predecessor-version":[{"id":2449,"href":"https:\/\/agora.xtec.cat\/ies-enric-borras\/wp-json\/wp\/v2\/posts\/2446\/revisions\/2449"}],"wp:featuredmedia":[{"embeddable":true,"href":"https:\/\/agora.xtec.cat\/ies-enric-borras\/wp-json\/wp\/v2\/media\/2447"}],"wp:attachment":[{"href":"https:\/\/agora.xtec.cat\/ies-enric-borras\/wp-json\/wp\/v2\/media?parent=2446"}],"wp:term":[{"taxonomy":"category","embeddable":true,"href":"https:\/\/agora.xtec.cat\/ies-enric-borras\/wp-json\/wp\/v2\/categories?post=2446"},{"taxonomy":"post_tag","embeddable":true,"href":"https:\/\/agora.xtec.cat\/ies-enric-borras\/wp-json\/wp\/v2\/tags?post=2446"}],"curies":[{"name":"wp","href":"https:\/\/api.w.org\/{rel}","templated":true}]}}