{"id":1624,"date":"2017-05-02T13:42:49","date_gmt":"2017-05-02T11:42:49","guid":{"rendered":"http:\/\/agora.xtec.cat\/ies-enric-borras\/?p=1624"},"modified":"2023-03-24T09:44:56","modified_gmt":"2023-03-24T08:44:56","slug":"dia-internacional-contra-lassetjament-escolar","status":"publish","type":"post","link":"https:\/\/agora.xtec.cat\/ies-enric-borras\/eso\/dia-internacional-contra-lassetjament-escolar\/","title":{"rendered":"Dia internacional contra l&#8217;assetjament escolar"},"content":{"rendered":"<p><iframe src=\"\/\/player.vimeo.com\/video\/215646641?title=0&amp;amp;byline=0\" width=\"425\" allowfullscreen=\"allowfullscreen\"><\/iframe><\/p>\n<p>El 2 de maig \u00e9s el dia internacional contra\u00a0l&#8217;assetjament escolar. Els alumnes de 1r d&#8217;ESO han estat treballant aquest tema i han realitzat un v\u00eddeo dins la campanya de la Fundaci\u00f3 ONCE &#8220;Som diferents, no indiferents&#8221;, que ha posat\u00a0l&#8217;accent en que no nom\u00e9s \u00e9s culpable qui assetja, sin\u00f3 tamb\u00e9 els que consenteixen, callen o riuen.<br \/>\nAquest v\u00eddeo de 1r A inclou subt\u00edtols i audiodescripci\u00f3 per fer-lo m\u00e9s accessible a tothom.<\/p>\n","protected":false},"excerpt":{"rendered":"<p>El 2 de maig \u00e9s el dia internacional contra\u00a0l&#8217;assetjament escolar. Els alumnes de 1r d&#8217;ESO han estat treballant aquest tema i han realitzat un v\u00eddeo dins la campanya de la Fundaci\u00f3 ONCE &#8220;Som diferents, no indiferents&#8221;, que ha posat\u00a0l&#8217;accent en que no nom\u00e9s \u00e9s culpable&hellip;  <a href=\"https:\/\/agora.xtec.cat\/ies-enric-borras\/eso\/dia-internacional-contra-lassetjament-escolar\/\" title=\"Read Dia internacional contra l&#8217;assetjament escolar\">Llegeix m\u00e9s\u00bb<\/a><\/p>\n","protected":false},"author":1,"featured_media":0,"comment_status":"open","ping_status":"open","sticky":false,"template":"","format":"standard","meta":{"_bbp_topic_count":0,"_bbp_reply_count":0,"_bbp_total_topic_count":0,"_bbp_total_reply_count":0,"_bbp_voice_count":0,"_bbp_anonymous_reply_count":0,"_bbp_topic_count_hidden":0,"_bbp_reply_count_hidden":0,"_bbp_forum_subforum_count":0,"footnotes":""},"categories":[94,3,74,29],"tags":[],"class_list":["post-1624","post","type-post","status-publish","format-standard","hentry","category-educacio-visual-i-plastica","category-eso","category-eso-1","category-portada"],"post_mailing_queue_ids":[],"_links":{"self":[{"href":"https:\/\/agora.xtec.cat\/ies-enric-borras\/wp-json\/wp\/v2\/posts\/1624","targetHints":{"allow":["GET"]}}],"collection":[{"href":"https:\/\/agora.xtec.cat\/ies-enric-borras\/wp-json\/wp\/v2\/posts"}],"about":[{"href":"https:\/\/agora.xtec.cat\/ies-enric-borras\/wp-json\/wp\/v2\/types\/post"}],"author":[{"embeddable":true,"href":"https:\/\/agora.xtec.cat\/ies-enric-borras\/wp-json\/wp\/v2\/users\/1"}],"replies":[{"embeddable":true,"href":"https:\/\/agora.xtec.cat\/ies-enric-borras\/wp-json\/wp\/v2\/comments?post=1624"}],"version-history":[{"count":3,"href":"https:\/\/agora.xtec.cat\/ies-enric-borras\/wp-json\/wp\/v2\/posts\/1624\/revisions"}],"predecessor-version":[{"id":1628,"href":"https:\/\/agora.xtec.cat\/ies-enric-borras\/wp-json\/wp\/v2\/posts\/1624\/revisions\/1628"}],"wp:attachment":[{"href":"https:\/\/agora.xtec.cat\/ies-enric-borras\/wp-json\/wp\/v2\/media?parent=1624"}],"wp:term":[{"taxonomy":"category","embeddable":true,"href":"https:\/\/agora.xtec.cat\/ies-enric-borras\/wp-json\/wp\/v2\/categories?post=1624"},{"taxonomy":"post_tag","embeddable":true,"href":"https:\/\/agora.xtec.cat\/ies-enric-borras\/wp-json\/wp\/v2\/tags?post=1624"}],"curies":[{"name":"wp","href":"https:\/\/api.w.org\/{rel}","templated":true}]}}