{"id":8674,"date":"2026-02-25T13:31:08","date_gmt":"2026-02-25T12:31:08","guid":{"rendered":"https:\/\/agora.xtec.cat\/ies-eltiller\/?p=8674"},"modified":"2026-02-25T13:37:12","modified_gmt":"2026-02-25T12:37:12","slug":"preinscripcions-26-27","status":"publish","type":"post","link":"https:\/\/agora.xtec.cat\/ies-eltiller\/eso\/preinscripcions-26-27\/","title":{"rendered":"Preinscripcions a l\u2019ESO curs 2026-2027"},"content":{"rendered":"<p><a href=\"https:\/\/agora.xtec.cat\/ies-eltiller\/wp-content\/uploads\/usu1312\/2025\/03\/notebook-2386034_1280.jpg\"><img loading=\"lazy\" decoding=\"async\" class=\"aligncenter size-medium wp-image-8429\" src=\"https:\/\/agora.xtec.cat\/ies-eltiller\/wp-content\/uploads\/usu1312\/2025\/03\/notebook-2386034_1280-300x200.jpg\" alt=\"\" width=\"300\" height=\"200\" srcset=\"https:\/\/agora.xtec.cat\/ies-eltiller\/wp-content\/uploads\/usu1312\/2025\/03\/notebook-2386034_1280-300x200.jpg 300w, https:\/\/agora.xtec.cat\/ies-eltiller\/wp-content\/uploads\/usu1312\/2025\/03\/notebook-2386034_1280-1024x682.jpg 1024w, https:\/\/agora.xtec.cat\/ies-eltiller\/wp-content\/uploads\/usu1312\/2025\/03\/notebook-2386034_1280-768x512.jpg 768w, https:\/\/agora.xtec.cat\/ies-eltiller\/wp-content\/uploads\/usu1312\/2025\/03\/notebook-2386034_1280.jpg 1280w\" sizes=\"auto, (max-width: 300px) 100vw, 300px\" \/><\/a><\/p>\n<p>Benvolgudes fam\u00edlies,<\/p>\n<p>compartim amb vosaltres el\u00a0<a href=\"https:\/\/preinscripcio.gencat.cat\/ca\/estudis\/eso\/informat\/\" target=\"_blank\" rel=\"noopener\"><strong>web del Departament d\u2019Educaci\u00f3<\/strong><\/a>\u00a0mitjan\u00e7ant el qual s\u2019ha de gestionar la preinscripci\u00f3, i posterior matr\u00edcula, de l\u2019alumnat d\u2019ESO. Tamb\u00e9 us fem un recordatori d\u2019algunes dades importants que s\u2019han de tenir en compte:<\/p>\n<ul>\n<li><a href=\"https:\/\/preinscripcio.gencat.cat\/ca\/estudis\/eso\/informat\/calendari\/\" target=\"_blank\" rel=\"noopener\"><strong>Calendari i terminis<\/strong><\/a>\u00a0del proc\u00e9s.\u00a0<strong>Del 6 al 18 de mar\u00e7<\/strong> de 2026 (a partir de les 9 hores) comen\u00e7a la <a href=\"https:\/\/educacio.gencat.cat\/ca\/tramits\/tramits-temes\/perinscripcio-obligatoris?category=&amp;moda=3\" target=\"_blank\" rel=\"noopener\"><strong>presentaci\u00f3 de sol\u00b7licituds telem\u00e0tiques<\/strong><\/a>.<\/li>\n<li><a href=\"https:\/\/preinscripcio.gencat.cat\/ca\/estudis\/eso\/informat\/criteris-assignacio\/\" target=\"_blank\" rel=\"noopener\"><strong>Criteris<\/strong><\/a>\u00a0d\u2019assignaci\u00f3 de places.<\/li>\n<li><a href=\"https:\/\/preinscripcio.gencat.cat\/ca\/estudis\/eso\/informat\/prepara-documentacio\/\" target=\"_blank\" rel=\"noopener\"><strong>Documentaci\u00f3<\/strong><\/a>\u00a0que cal presentar.<\/li>\n<\/ul>\n<p>A m\u00e9s, us recordem que, tot i que <strong>el procedeiment es fa de forma totalment telem\u00e0tica,<\/strong> si necessiteu ajuda al llarg del proc\u00e9s, el <strong>nostre horari d\u2019atenci\u00f3 a fam\u00edlies a secretaria \u00e9s de dilluns a divendres de 9:00 a 13:00 hores.<\/strong><\/p>\n<p><strong>Tel\u00e8fon:\u00a0<\/strong>938407266<\/p>\n<p><strong>Correu electr\u00f2nic:\u00a0<\/strong>a8065391@xtec.cat<\/p>\n","protected":false},"excerpt":{"rendered":"<p>Benvolgudes fam\u00edlies, compartim amb vosaltres el\u00a0web del Departament d\u2019Educaci\u00f3\u00a0mitjan\u00e7ant el qual s\u2019ha de gestionar la preinscripci\u00f3, i posterior matr\u00edcula, de l\u2019alumnat d\u2019ESO. Tamb\u00e9 us fem un recordatori d\u2019algunes dades importants que s\u2019han de tenir en compte: Calendari i terminis\u00a0del proc\u00e9s.\u00a0Del 6 al 18 de mar\u00e7 de 2026 (a partir de les 9 hores) comen\u00e7a la [&hellip;]<\/p>\n","protected":false},"author":1,"featured_media":8429,"comment_status":"open","ping_status":"open","sticky":false,"template":"","format":"standard","meta":{"_bbp_topic_count":0,"_bbp_reply_count":0,"_bbp_total_topic_count":0,"_bbp_total_reply_count":0,"_bbp_voice_count":0,"_bbp_anonymous_reply_count":0,"_bbp_topic_count_hidden":0,"_bbp_reply_count_hidden":0,"_bbp_forum_subforum_count":0,"site-sidebar-layout":"default","site-content-layout":"","ast-site-content-layout":"","site-content-style":"default","site-sidebar-style":"default","ast-global-header-display":"","ast-banner-title-visibility":"","ast-main-header-display":"","ast-hfb-above-header-display":"","ast-hfb-below-header-display":"","ast-hfb-mobile-header-display":"","site-post-title":"","ast-breadcrumbs-content":"","ast-featured-img":"","footer-sml-layout":"","theme-transparent-header-meta":"","adv-header-id-meta":"","stick-header-meta":"","header-above-stick-meta":"","header-main-stick-meta":"","header-below-stick-meta":"","astra-migrate-meta-layouts":"default","ast-page-background-enabled":"default","ast-page-background-meta":{"desktop":{"background-color":"var(--ast-global-color-4)","background-image":"","background-repeat":"repeat","background-position":"center center","background-size":"auto","background-attachment":"scroll","background-type":"","background-media":"","overlay-type":"","overlay-color":"","overlay-opacity":"","overlay-gradient":""},"tablet":{"background-color":"","background-image":"","background-repeat":"repeat","background-position":"center center","background-size":"auto","background-attachment":"scroll","background-type":"","background-media":"","overlay-type":"","overlay-color":"","overlay-opacity":"","overlay-gradient":""},"mobile":{"background-color":"","background-image":"","background-repeat":"repeat","background-position":"center center","background-size":"auto","background-attachment":"scroll","background-type":"","background-media":"","overlay-type":"","overlay-color":"","overlay-opacity":"","overlay-gradient":""}},"ast-content-background-meta":{"desktop":{"background-color":"var(--ast-global-color-5)","background-image":"","background-repeat":"repeat","background-position":"center center","background-size":"auto","background-attachment":"scroll","background-type":"","background-media":"","overlay-type":"","overlay-color":"","overlay-opacity":"","overlay-gradient":""},"tablet":{"background-color":"var(--ast-global-color-5)","background-image":"","background-repeat":"repeat","background-position":"center center","background-size":"auto","background-attachment":"scroll","background-type":"","background-media":"","overlay-type":"","overlay-color":"","overlay-opacity":"","overlay-gradient":""},"mobile":{"background-color":"var(--ast-global-color-5)","background-image":"","background-repeat":"repeat","background-position":"center center","background-size":"auto","background-attachment":"scroll","background-type":"","background-media":"","overlay-type":"","overlay-color":"","overlay-opacity":"","overlay-gradient":""}},"footnotes":""},"categories":[3,29],"tags":[94,1129,223,388],"class_list":["post-8674","post","type-post","status-publish","format-standard","has-post-thumbnail","hentry","category-eso","category-portada","tag-1r-eso","tag-curs-26-27","tag-matricula","tag-preinscripcio"],"post_mailing_queue_ids":[],"_links":{"self":[{"href":"https:\/\/agora.xtec.cat\/ies-eltiller\/wp-json\/wp\/v2\/posts\/8674","targetHints":{"allow":["GET"]}}],"collection":[{"href":"https:\/\/agora.xtec.cat\/ies-eltiller\/wp-json\/wp\/v2\/posts"}],"about":[{"href":"https:\/\/agora.xtec.cat\/ies-eltiller\/wp-json\/wp\/v2\/types\/post"}],"author":[{"embeddable":true,"href":"https:\/\/agora.xtec.cat\/ies-eltiller\/wp-json\/wp\/v2\/users\/1"}],"replies":[{"embeddable":true,"href":"https:\/\/agora.xtec.cat\/ies-eltiller\/wp-json\/wp\/v2\/comments?post=8674"}],"version-history":[{"count":1,"href":"https:\/\/agora.xtec.cat\/ies-eltiller\/wp-json\/wp\/v2\/posts\/8674\/revisions"}],"predecessor-version":[{"id":8675,"href":"https:\/\/agora.xtec.cat\/ies-eltiller\/wp-json\/wp\/v2\/posts\/8674\/revisions\/8675"}],"wp:featuredmedia":[{"embeddable":true,"href":"https:\/\/agora.xtec.cat\/ies-eltiller\/wp-json\/wp\/v2\/media\/8429"}],"wp:attachment":[{"href":"https:\/\/agora.xtec.cat\/ies-eltiller\/wp-json\/wp\/v2\/media?parent=8674"}],"wp:term":[{"taxonomy":"category","embeddable":true,"href":"https:\/\/agora.xtec.cat\/ies-eltiller\/wp-json\/wp\/v2\/categories?post=8674"},{"taxonomy":"post_tag","embeddable":true,"href":"https:\/\/agora.xtec.cat\/ies-eltiller\/wp-json\/wp\/v2\/tags?post=8674"}],"curies":[{"name":"wp","href":"https:\/\/api.w.org\/{rel}","templated":true}]}}