{"id":7903,"date":"2023-11-17T18:54:53","date_gmt":"2023-11-17T17:54:53","guid":{"rendered":"https:\/\/agora.xtec.cat\/ies-eltiller\/?p=7903"},"modified":"2023-11-17T18:55:18","modified_gmt":"2023-11-17T17:55:18","slug":"el-tiller-report-2","status":"publish","type":"post","link":"https:\/\/agora.xtec.cat\/ies-eltiller\/general\/el-tiller-report-2\/","title":{"rendered":"El Til\u00b7ler Report"},"content":{"rendered":"<p>Les nostres reporteres i reporters han enllestit els seus reportatges i us els volen fer visibles!<\/p>\n<p>Quin \u00e9s el proc\u00e9s d\u00b4adopci\u00f3 a Catalunya? \u00c9s f\u00e0cil? Quins s\u00f3n els entrebancs amb qu\u00e8 s\u00b4hi troben els futurs adoptants? Un testimoni real, us en parla!<br \/>\nSi pel contrari, voleu saber l\u00b4opini\u00f3 del nostre alumnat sobre l\u00b4\u00fas dels tel\u00e8fons m\u00f2bils, llegiu el reportatge &#8220;prohibir o regular&#8221;.<\/p>\n<p>I finalment, &#8220;Les hormones del tabac&#8221; us endinsar\u00e0 en el m\u00f3n dels vapers entre adolescents.<\/p>\n<p>Entreu a la revista i llegiu-los! #eltillerreport #esnoticia #femdereporteres<\/p>\n<p><a href=\"https:\/\/eltiller.junior-report.media\/\">https:\/\/eltiller.junior-report.media\/<\/a><\/p>\n<p><a href=\"https:\/\/eltiller.junior-report.media\/les-hormones-del-fum\/\"><img loading=\"lazy\" decoding=\"async\" class=\"aligncenter size-medium wp-image-7904\" src=\"https:\/\/agora.xtec.cat\/ies-eltiller\/wp-content\/uploads\/usu1312\/2023\/11\/we-300x205.png\" alt=\"\" width=\"300\" height=\"205\" srcset=\"https:\/\/agora.xtec.cat\/ies-eltiller\/wp-content\/uploads\/usu1312\/2023\/11\/we-300x205.png 300w, https:\/\/agora.xtec.cat\/ies-eltiller\/wp-content\/uploads\/usu1312\/2023\/11\/we-1024x699.png 1024w, https:\/\/agora.xtec.cat\/ies-eltiller\/wp-content\/uploads\/usu1312\/2023\/11\/we-768x524.png 768w, https:\/\/agora.xtec.cat\/ies-eltiller\/wp-content\/uploads\/usu1312\/2023\/11\/we.png 1198w\" sizes=\"auto, (max-width: 300px) 100vw, 300px\" \/><\/a><\/p>\n<p><a href=\"https:\/\/eltiller.junior-report.media\/ladopcio-a-catalunya-un-proces-ple-dobstacles\/\"><img loading=\"lazy\" decoding=\"async\" class=\"aligncenter size-medium wp-image-7905\" src=\"https:\/\/agora.xtec.cat\/ies-eltiller\/wp-content\/uploads\/usu1312\/2023\/11\/w-300x199.png\" alt=\"\" width=\"300\" height=\"199\" srcset=\"https:\/\/agora.xtec.cat\/ies-eltiller\/wp-content\/uploads\/usu1312\/2023\/11\/w-300x199.png 300w, https:\/\/agora.xtec.cat\/ies-eltiller\/wp-content\/uploads\/usu1312\/2023\/11\/w-1024x678.png 1024w, https:\/\/agora.xtec.cat\/ies-eltiller\/wp-content\/uploads\/usu1312\/2023\/11\/w-768x509.png 768w, https:\/\/agora.xtec.cat\/ies-eltiller\/wp-content\/uploads\/usu1312\/2023\/11\/w.png 1211w\" sizes=\"auto, (max-width: 300px) 100vw, 300px\" \/><\/a><\/p>\n<p><a href=\"https:\/\/eltiller.junior-report.media\/prohibir-o-regular\/\"><img loading=\"lazy\" decoding=\"async\" class=\"aligncenter size-medium wp-image-7906\" src=\"https:\/\/agora.xtec.cat\/ies-eltiller\/wp-content\/uploads\/usu1312\/2023\/11\/wer-300x227.png\" alt=\"\" width=\"300\" height=\"227\" srcset=\"https:\/\/agora.xtec.cat\/ies-eltiller\/wp-content\/uploads\/usu1312\/2023\/11\/wer-300x227.png 300w, https:\/\/agora.xtec.cat\/ies-eltiller\/wp-content\/uploads\/usu1312\/2023\/11\/wer-1024x775.png 1024w, https:\/\/agora.xtec.cat\/ies-eltiller\/wp-content\/uploads\/usu1312\/2023\/11\/wer-768x581.png 768w, https:\/\/agora.xtec.cat\/ies-eltiller\/wp-content\/uploads\/usu1312\/2023\/11\/wer-200x150.png 200w, https:\/\/agora.xtec.cat\/ies-eltiller\/wp-content\/uploads\/usu1312\/2023\/11\/wer.png 1197w\" sizes=\"auto, (max-width: 300px) 100vw, 300px\" \/><\/a><\/p>\n","protected":false},"excerpt":{"rendered":"<p>Les nostres reporteres i reporters han enllestit els seus reportatges i us els volen fer visibles! Quin \u00e9s el proc\u00e9s d\u00b4adopci\u00f3 a Catalunya? \u00c9s f\u00e0cil? Quins s\u00f3n els entrebancs amb qu\u00e8 s\u00b4hi troben els futurs adoptants? Un testimoni real, us en parla! Si pel contrari, voleu saber l\u00b4opini\u00f3 del nostre alumnat sobre l\u00b4\u00fas dels tel\u00e8fons [&hellip;]<\/p>\n","protected":false},"author":1,"featured_media":6738,"comment_status":"open","ping_status":"closed","sticky":false,"template":"","format":"standard","meta":{"_bbp_topic_count":0,"_bbp_reply_count":0,"_bbp_total_topic_count":0,"_bbp_total_reply_count":0,"_bbp_voice_count":0,"_bbp_anonymous_reply_count":0,"_bbp_topic_count_hidden":0,"_bbp_reply_count_hidden":0,"_bbp_forum_subforum_count":0,"site-sidebar-layout":"default","site-content-layout":"","ast-site-content-layout":"","site-content-style":"default","site-sidebar-style":"default","ast-global-header-display":"","ast-banner-title-visibility":"","ast-main-header-display":"","ast-hfb-above-header-display":"","ast-hfb-below-header-display":"","ast-hfb-mobile-header-display":"","site-post-title":"","ast-breadcrumbs-content":"","ast-featured-img":"","footer-sml-layout":"","theme-transparent-header-meta":"","adv-header-id-meta":"","stick-header-meta":"","header-above-stick-meta":"","header-main-stick-meta":"","header-below-stick-meta":"","astra-migrate-meta-layouts":"default","ast-page-background-enabled":"default","ast-page-background-meta":{"desktop":{"background-color":"var(--ast-global-color-4)","background-image":"","background-repeat":"repeat","background-position":"center center","background-size":"auto","background-attachment":"scroll","background-type":"","background-media":"","overlay-type":"","overlay-color":"","overlay-opacity":"","overlay-gradient":""},"tablet":{"background-color":"","background-image":"","background-repeat":"repeat","background-position":"center center","background-size":"auto","background-attachment":"scroll","background-type":"","background-media":"","overlay-type":"","overlay-color":"","overlay-opacity":"","overlay-gradient":""},"mobile":{"background-color":"","background-image":"","background-repeat":"repeat","background-position":"center center","background-size":"auto","background-attachment":"scroll","background-type":"","background-media":"","overlay-type":"","overlay-color":"","overlay-opacity":"","overlay-gradient":""}},"ast-content-background-meta":{"desktop":{"background-color":"var(--ast-global-color-5)","background-image":"","background-repeat":"repeat","background-position":"center center","background-size":"auto","background-attachment":"scroll","background-type":"","background-media":"","overlay-type":"","overlay-color":"","overlay-opacity":"","overlay-gradient":""},"tablet":{"background-color":"var(--ast-global-color-5)","background-image":"","background-repeat":"repeat","background-position":"center center","background-size":"auto","background-attachment":"scroll","background-type":"","background-media":"","overlay-type":"","overlay-color":"","overlay-opacity":"","overlay-gradient":""},"mobile":{"background-color":"var(--ast-global-color-5)","background-image":"","background-repeat":"repeat","background-position":"center center","background-size":"auto","background-attachment":"scroll","background-type":"","background-media":"","overlay-type":"","overlay-color":"","overlay-opacity":"","overlay-gradient":""}},"footnotes":""},"categories":[372,1,29],"tags":[359,978,600],"class_list":["post-7903","post","type-post","status-publish","format-standard","has-post-thumbnail","hentry","category-batxillerat","category-general","category-portada","tag-batxillerat","tag-el-tiller-report","tag-noticies"],"post_mailing_queue_ids":[],"_links":{"self":[{"href":"https:\/\/agora.xtec.cat\/ies-eltiller\/wp-json\/wp\/v2\/posts\/7903","targetHints":{"allow":["GET"]}}],"collection":[{"href":"https:\/\/agora.xtec.cat\/ies-eltiller\/wp-json\/wp\/v2\/posts"}],"about":[{"href":"https:\/\/agora.xtec.cat\/ies-eltiller\/wp-json\/wp\/v2\/types\/post"}],"author":[{"embeddable":true,"href":"https:\/\/agora.xtec.cat\/ies-eltiller\/wp-json\/wp\/v2\/users\/1"}],"replies":[{"embeddable":true,"href":"https:\/\/agora.xtec.cat\/ies-eltiller\/wp-json\/wp\/v2\/comments?post=7903"}],"version-history":[{"count":1,"href":"https:\/\/agora.xtec.cat\/ies-eltiller\/wp-json\/wp\/v2\/posts\/7903\/revisions"}],"predecessor-version":[{"id":7907,"href":"https:\/\/agora.xtec.cat\/ies-eltiller\/wp-json\/wp\/v2\/posts\/7903\/revisions\/7907"}],"wp:featuredmedia":[{"embeddable":true,"href":"https:\/\/agora.xtec.cat\/ies-eltiller\/wp-json\/wp\/v2\/media\/6738"}],"wp:attachment":[{"href":"https:\/\/agora.xtec.cat\/ies-eltiller\/wp-json\/wp\/v2\/media?parent=7903"}],"wp:term":[{"taxonomy":"category","embeddable":true,"href":"https:\/\/agora.xtec.cat\/ies-eltiller\/wp-json\/wp\/v2\/categories?post=7903"},{"taxonomy":"post_tag","embeddable":true,"href":"https:\/\/agora.xtec.cat\/ies-eltiller\/wp-json\/wp\/v2\/tags?post=7903"}],"curies":[{"name":"wp","href":"https:\/\/api.w.org\/{rel}","templated":true}]}}