{"id":7008,"date":"2023-01-30T11:50:59","date_gmt":"2023-01-30T10:50:59","guid":{"rendered":"https:\/\/agora.xtec.cat\/ies-eltiller\/?p=7008"},"modified":"2023-01-30T11:51:52","modified_gmt":"2023-01-30T10:51:52","slug":"xxiii-concurs-de-traduccio-universitat-pompeu-fabra","status":"publish","type":"post","link":"https:\/\/agora.xtec.cat\/ies-eltiller\/portada\/xxiii-concurs-de-traduccio-universitat-pompeu-fabra\/","title":{"rendered":"XXIII CONCURS DE TRADUCCI\u00d3 &#8211; UNIVERSITAT POMPEU FABRA"},"content":{"rendered":"<p>Benvolgudes fam\u00edlies,<\/p>\n<p>aquesta setmana l&#8217;alumnat de 1r de batxillerat d&#8217;Alemany i Franc\u00e8s participa en el XXIII Concurs de Traducci\u00f3 organitzat per la Facultat de Traducci\u00f3 i Ci\u00e8ncies del Llenguatge de la Universitat Pompeu Fabra de Barcelona.<br \/>\nEls desitgem molt\u00edssima sort!<\/p>\n<p><a href=\"https:\/\/agora.xtec.cat\/ies-eltiller\/portada\/xxiii-concurs-de-traduccio-universitat-pompeu-fabra\/attachment\/xxiii-concurs-2023amb-logos-1\/\" rel=\"attachment wp-att-7009\"><img loading=\"lazy\" decoding=\"async\" class=\"aligncenter wp-image-7009 size-large\" src=\"https:\/\/agora.xtec.cat\/ies-eltiller\/wp-content\/uploads\/usu1312\/2023\/01\/XXIII-CONCURS-2023amb-Logos-1-1024x606.png\" alt=\"\" width=\"1024\" height=\"606\" srcset=\"https:\/\/agora.xtec.cat\/ies-eltiller\/wp-content\/uploads\/usu1312\/2023\/01\/XXIII-CONCURS-2023amb-Logos-1-1024x606.png 1024w, https:\/\/agora.xtec.cat\/ies-eltiller\/wp-content\/uploads\/usu1312\/2023\/01\/XXIII-CONCURS-2023amb-Logos-1-300x178.png 300w, https:\/\/agora.xtec.cat\/ies-eltiller\/wp-content\/uploads\/usu1312\/2023\/01\/XXIII-CONCURS-2023amb-Logos-1-768x455.png 768w, https:\/\/agora.xtec.cat\/ies-eltiller\/wp-content\/uploads\/usu1312\/2023\/01\/XXIII-CONCURS-2023amb-Logos-1.png 1280w\" sizes=\"auto, (max-width: 1024px) 100vw, 1024px\" \/><\/a><\/p>\n","protected":false},"excerpt":{"rendered":"<p>Benvolgudes fam\u00edlies,<\/p>\n<p>aquesta setmana l&#8217;alumnat de 1r de batxillerat d&#8217;Alemany i Franc\u00e8s participa en el XXIII Concurs de Traducci\u00f3 organitzat per la Facultat de Traducci\u00f3 i Ci\u00e8ncies del Llenguatge de la Universitat Pompeu Fabra de Barcelona.<br \/>\nEls desitgem molt\u00edssima sort!<\/p>\n","protected":false},"author":1,"featured_media":7009,"comment_status":"open","ping_status":"closed","sticky":false,"template":"","format":"standard","meta":{"_bbp_topic_count":0,"_bbp_reply_count":0,"_bbp_total_topic_count":0,"_bbp_total_reply_count":0,"_bbp_voice_count":0,"_bbp_anonymous_reply_count":0,"_bbp_topic_count_hidden":0,"_bbp_reply_count_hidden":0,"_bbp_forum_subforum_count":0,"site-sidebar-layout":"default","site-content-layout":"","ast-site-content-layout":"","site-content-style":"default","site-sidebar-style":"default","ast-global-header-display":"","ast-banner-title-visibility":"","ast-main-header-display":"","ast-hfb-above-header-display":"","ast-hfb-below-header-display":"","ast-hfb-mobile-header-display":"","site-post-title":"","ast-breadcrumbs-content":"","ast-featured-img":"","footer-sml-layout":"","theme-transparent-header-meta":"","adv-header-id-meta":"","stick-header-meta":"","header-above-stick-meta":"","header-main-stick-meta":"","header-below-stick-meta":"","astra-migrate-meta-layouts":"default","ast-page-background-enabled":"default","ast-page-background-meta":{"desktop":{"background-color":"var(--ast-global-color-4)","background-image":"","background-repeat":"repeat","background-position":"center center","background-size":"auto","background-attachment":"scroll","background-type":"","background-media":"","overlay-type":"","overlay-color":"","overlay-opacity":"","overlay-gradient":""},"tablet":{"background-color":"","background-image":"","background-repeat":"repeat","background-position":"center center","background-size":"auto","background-attachment":"scroll","background-type":"","background-media":"","overlay-type":"","overlay-color":"","overlay-opacity":"","overlay-gradient":""},"mobile":{"background-color":"","background-image":"","background-repeat":"repeat","background-position":"center center","background-size":"auto","background-attachment":"scroll","background-type":"","background-media":"","overlay-type":"","overlay-color":"","overlay-opacity":"","overlay-gradient":""}},"ast-content-background-meta":{"desktop":{"background-color":"var(--ast-global-color-5)","background-image":"","background-repeat":"repeat","background-position":"center center","background-size":"auto","background-attachment":"scroll","background-type":"","background-media":"","overlay-type":"","overlay-color":"","overlay-opacity":"","overlay-gradient":""},"tablet":{"background-color":"var(--ast-global-color-5)","background-image":"","background-repeat":"repeat","background-position":"center center","background-size":"auto","background-attachment":"scroll","background-type":"","background-media":"","overlay-type":"","overlay-color":"","overlay-opacity":"","overlay-gradient":""},"mobile":{"background-color":"var(--ast-global-color-5)","background-image":"","background-repeat":"repeat","background-position":"center center","background-size":"auto","background-attachment":"scroll","background-type":"","background-media":"","overlay-type":"","overlay-color":"","overlay-opacity":"","overlay-gradient":""}},"footnotes":""},"categories":[372,29],"tags":[536,202,614],"class_list":["post-7008","post","type-post","status-publish","format-standard","has-post-thumbnail","hentry","category-batxillerat","category-portada","tag-alemany","tag-frances","tag-universitat-pompeu-fabra"],"post_mailing_queue_ids":[],"_links":{"self":[{"href":"https:\/\/agora.xtec.cat\/ies-eltiller\/wp-json\/wp\/v2\/posts\/7008","targetHints":{"allow":["GET"]}}],"collection":[{"href":"https:\/\/agora.xtec.cat\/ies-eltiller\/wp-json\/wp\/v2\/posts"}],"about":[{"href":"https:\/\/agora.xtec.cat\/ies-eltiller\/wp-json\/wp\/v2\/types\/post"}],"author":[{"embeddable":true,"href":"https:\/\/agora.xtec.cat\/ies-eltiller\/wp-json\/wp\/v2\/users\/1"}],"replies":[{"embeddable":true,"href":"https:\/\/agora.xtec.cat\/ies-eltiller\/wp-json\/wp\/v2\/comments?post=7008"}],"version-history":[{"count":3,"href":"https:\/\/agora.xtec.cat\/ies-eltiller\/wp-json\/wp\/v2\/posts\/7008\/revisions"}],"predecessor-version":[{"id":7012,"href":"https:\/\/agora.xtec.cat\/ies-eltiller\/wp-json\/wp\/v2\/posts\/7008\/revisions\/7012"}],"wp:featuredmedia":[{"embeddable":true,"href":"https:\/\/agora.xtec.cat\/ies-eltiller\/wp-json\/wp\/v2\/media\/7009"}],"wp:attachment":[{"href":"https:\/\/agora.xtec.cat\/ies-eltiller\/wp-json\/wp\/v2\/media?parent=7008"}],"wp:term":[{"taxonomy":"category","embeddable":true,"href":"https:\/\/agora.xtec.cat\/ies-eltiller\/wp-json\/wp\/v2\/categories?post=7008"},{"taxonomy":"post_tag","embeddable":true,"href":"https:\/\/agora.xtec.cat\/ies-eltiller\/wp-json\/wp\/v2\/tags?post=7008"}],"curies":[{"name":"wp","href":"https:\/\/api.w.org\/{rel}","templated":true}]}}