{"id":2631,"date":"2018-04-12T19:10:09","date_gmt":"2018-04-12T17:10:09","guid":{"rendered":"http:\/\/agora.xtec.cat\/ies-eltiller\/?p=2631"},"modified":"2018-04-12T19:10:40","modified_gmt":"2018-04-12T17:10:40","slug":"la-semana-de-la-carta-manuscrita","status":"publish","type":"post","link":"https:\/\/agora.xtec.cat\/ies-eltiller\/eso\/eso-2\/la-semana-de-la-carta-manuscrita\/","title":{"rendered":"La semana de la carta manuscrita"},"content":{"rendered":"<p>Benvolgudes fam\u00edlies,<\/p>\n<p>els alumnes de 2n i, Comentari de Text (itinerari de 4t) participaran en la &#8220;<a href=\"https:\/\/semanadelacartamanuscrita.wordpress.com\/\" target=\"_blank\" rel=\"noopener noreferrer\">III Semana de la carta manuscrita<\/a>&#8220;. Una activitat del departament de Llengua castellana.<\/p>\n<p>&#8220;La semana de la carta manuscrita&#8221; \u00e9s una commemoraci\u00f3 celebrada mundialment amb l&#8217;objectiu de recuperar la carta i fomentar la relaci\u00f3 entre estudiants de llengua castellana. Participen centres de tot el m\u00f3n.<\/p>\n<p>Aquesta activitat se celebra durant la setmana del 17 al 23 d&#8217;abril, coincidint amb la diada de Sant Jordi i la data de la mort d&#8217;escriptors universals com Miguel de Cervantes, William Shakespeare i Inca Garcilaso de la Vega.<\/p>\n<p>Els estudiants de 2n intercanviaran cartes amb alumnes del Col\u00b7legi Claret, de Valls (Tarragona). Els estudiants de 4t enviaran les seues a Italia.<\/p>\n<p>Departament de Llengua castellana<\/p>\n<p><a href=\"http:\/\/agora.xtec.cat\/ies-eltiller\/eso\/eso-2\/la-semana-de-la-carta-manuscrita\/attachment\/semana-de-la-carta\/\" rel=\"attachment wp-att-2632\"><img loading=\"lazy\" decoding=\"async\" class=\"alignleft size-full wp-image-2632\" src=\"http:\/\/agora.xtec.cat\/ies-eltiller\/wp-content\/uploads\/usu1312\/2018\/04\/semana-de-la-carta.jpg\" alt=\"\" width=\"720\" height=\"722\" srcset=\"https:\/\/agora.xtec.cat\/ies-eltiller\/wp-content\/uploads\/usu1312\/2018\/04\/semana-de-la-carta.jpg 720w, https:\/\/agora.xtec.cat\/ies-eltiller\/wp-content\/uploads\/usu1312\/2018\/04\/semana-de-la-carta-150x150.jpg 150w, https:\/\/agora.xtec.cat\/ies-eltiller\/wp-content\/uploads\/usu1312\/2018\/04\/semana-de-la-carta-300x300.jpg 300w\" sizes=\"auto, (max-width: 720px) 100vw, 720px\" \/><\/a><\/p>\n","protected":false},"excerpt":{"rendered":"<p>Benvolgudes fam\u00edlies,<\/p>\n<p>els alumnes de 2n i, Comentari de Text (itinerari de 4t) participaran en la &#8220;III Semana de la carta manuscrita&#8221;. Una activitat del departament de Llengua castellana.<\/p>\n<p>&#8220;La semana de la carta manuscrita&#8221; \u00e9s una commemoraci\u00f3 celebrada mundialment amb l&#8217;objectiu de recuperar la carta i fomentar la relaci\u00f3 entre estudiants de llengua castellana. Participen centres de tot el m\u00f3n.&hellip;  <a href=\"https:\/\/agora.xtec.cat\/ies-eltiller\/eso\/eso-2\/la-semana-de-la-carta-manuscrita\/\" title=\"Read La semana de la carta manuscrita\">Llegeix m\u00e9s\u00bb<\/a><\/p>\n","protected":false},"author":1,"featured_media":2632,"comment_status":"open","ping_status":"closed","sticky":false,"template":"","format":"standard","meta":{"_bbp_topic_count":0,"_bbp_reply_count":0,"_bbp_total_topic_count":0,"_bbp_total_reply_count":0,"_bbp_voice_count":0,"_bbp_anonymous_reply_count":0,"_bbp_topic_count_hidden":0,"_bbp_reply_count_hidden":0,"_bbp_forum_subforum_count":0,"footnotes":""},"categories":[5,7,29],"tags":[389],"class_list":["post-2631","post","type-post","status-publish","format-standard","has-post-thumbnail","hentry","category-eso-2","category-eso-4","category-portada","tag-semana-de-la-carta-manuscrita"],"post_mailing_queue_ids":[],"_links":{"self":[{"href":"https:\/\/agora.xtec.cat\/ies-eltiller\/wp-json\/wp\/v2\/posts\/2631","targetHints":{"allow":["GET"]}}],"collection":[{"href":"https:\/\/agora.xtec.cat\/ies-eltiller\/wp-json\/wp\/v2\/posts"}],"about":[{"href":"https:\/\/agora.xtec.cat\/ies-eltiller\/wp-json\/wp\/v2\/types\/post"}],"author":[{"embeddable":true,"href":"https:\/\/agora.xtec.cat\/ies-eltiller\/wp-json\/wp\/v2\/users\/1"}],"replies":[{"embeddable":true,"href":"https:\/\/agora.xtec.cat\/ies-eltiller\/wp-json\/wp\/v2\/comments?post=2631"}],"version-history":[{"count":2,"href":"https:\/\/agora.xtec.cat\/ies-eltiller\/wp-json\/wp\/v2\/posts\/2631\/revisions"}],"predecessor-version":[{"id":2634,"href":"https:\/\/agora.xtec.cat\/ies-eltiller\/wp-json\/wp\/v2\/posts\/2631\/revisions\/2634"}],"wp:featuredmedia":[{"embeddable":true,"href":"https:\/\/agora.xtec.cat\/ies-eltiller\/wp-json\/wp\/v2\/media\/2632"}],"wp:attachment":[{"href":"https:\/\/agora.xtec.cat\/ies-eltiller\/wp-json\/wp\/v2\/media?parent=2631"}],"wp:term":[{"taxonomy":"category","embeddable":true,"href":"https:\/\/agora.xtec.cat\/ies-eltiller\/wp-json\/wp\/v2\/categories?post=2631"},{"taxonomy":"post_tag","embeddable":true,"href":"https:\/\/agora.xtec.cat\/ies-eltiller\/wp-json\/wp\/v2\/tags?post=2631"}],"curies":[{"name":"wp","href":"https:\/\/api.w.org\/{rel}","templated":true}]}}