{"id":2129,"date":"2017-12-01T13:23:18","date_gmt":"2017-12-01T12:23:18","guid":{"rendered":"http:\/\/agora.xtec.cat\/ies-eltiller\/?p=2129"},"modified":"2017-12-01T13:23:18","modified_gmt":"2017-12-01T12:23:18","slug":"pinta-la-marato-tv3","status":"publish","type":"post","link":"https:\/\/agora.xtec.cat\/ies-eltiller\/general\/pinta-la-marato-tv3\/","title":{"rendered":"Pinta La Marat\u00f3 TV3"},"content":{"rendered":"<p>Els alumnes de 2n curs han participat en el concurs Pinta <a href=\"http:\/\/www.ccma.cat\/tv3\/marato\/2017\/190\/\" target=\"_blank\" rel=\"noopener noreferrer\">La Marat\u00f3 de TV3<\/a>. Aquest any La Marat\u00f3 es basa en les malalties infeccioses i en la seva investigaci\u00f3. Els alumnes han treballat de valent per tenir els cartells a punt i ho han aconseguit.<\/p>\n<p>Moltes felicitats per la feina feta i els hi desitgem molta sort!<\/p>\n<figure id=\"attachment_2130\" aria-describedby=\"caption-attachment-2130\" style=\"width: 2080px\" class=\"wp-caption alignleft\"><a href=\"https:\/\/photos.app.goo.gl\/aLfL8kC6Am7mtM3j2\" target=\"_blank\" rel=\"attachment wp-att-2130 noopener noreferrer\"><img loading=\"lazy\" decoding=\"async\" class=\"wp-image-2130 size-full\" src=\"http:\/\/agora.xtec.cat\/ies-eltiller\/wp-content\/uploads\/usu1312\/2017\/12\/2n_D_ins_el_tiller.jpg\" alt=\"\" width=\"2080\" height=\"1560\" srcset=\"https:\/\/agora.xtec.cat\/ies-eltiller\/wp-content\/uploads\/usu1312\/2017\/12\/2n_D_ins_el_tiller.jpg 2080w, https:\/\/agora.xtec.cat\/ies-eltiller\/wp-content\/uploads\/usu1312\/2017\/12\/2n_D_ins_el_tiller-300x225.jpg 300w, https:\/\/agora.xtec.cat\/ies-eltiller\/wp-content\/uploads\/usu1312\/2017\/12\/2n_D_ins_el_tiller-768x576.jpg 768w, https:\/\/agora.xtec.cat\/ies-eltiller\/wp-content\/uploads\/usu1312\/2017\/12\/2n_D_ins_el_tiller-1024x768.jpg 1024w, https:\/\/agora.xtec.cat\/ies-eltiller\/wp-content\/uploads\/usu1312\/2017\/12\/2n_D_ins_el_tiller-200x150.jpg 200w\" sizes=\"auto, (max-width: 2080px) 100vw, 2080px\" \/><\/a><figcaption id=\"caption-attachment-2130\" class=\"wp-caption-text\">dav<\/figcaption><\/figure>\n","protected":false},"excerpt":{"rendered":"<p>Els alumnes de 2n curs han participat en el concurs Pinta la Marat\u00f3 de TV3. Aquest any La Marat\u00f3 es basa en les malalties infeccioses i en la seva investigaci\u00f3. Els alumnes han treballat de valent per tenir els cartells a punt i ho han aconseguit<\/p>\n","protected":false},"author":1,"featured_media":2130,"comment_status":"open","ping_status":"closed","sticky":false,"template":"","format":"standard","meta":{"_bbp_topic_count":0,"_bbp_reply_count":0,"_bbp_total_topic_count":0,"_bbp_total_reply_count":0,"_bbp_voice_count":0,"_bbp_anonymous_reply_count":0,"_bbp_topic_count_hidden":0,"_bbp_reply_count_hidden":0,"_bbp_forum_subforum_count":0,"site-sidebar-layout":"default","site-content-layout":"","ast-site-content-layout":"","site-content-style":"default","site-sidebar-style":"default","ast-global-header-display":"","ast-banner-title-visibility":"","ast-main-header-display":"","ast-hfb-above-header-display":"","ast-hfb-below-header-display":"","ast-hfb-mobile-header-display":"","site-post-title":"","ast-breadcrumbs-content":"","ast-featured-img":"","footer-sml-layout":"","theme-transparent-header-meta":"","adv-header-id-meta":"","stick-header-meta":"","header-above-stick-meta":"","header-main-stick-meta":"","header-below-stick-meta":"","astra-migrate-meta-layouts":"default","ast-page-background-enabled":"default","ast-page-background-meta":{"desktop":{"background-color":"var(--ast-global-color-4)","background-image":"","background-repeat":"repeat","background-position":"center center","background-size":"auto","background-attachment":"scroll","background-type":"","background-media":"","overlay-type":"","overlay-color":"","overlay-opacity":"","overlay-gradient":""},"tablet":{"background-color":"","background-image":"","background-repeat":"repeat","background-position":"center center","background-size":"auto","background-attachment":"scroll","background-type":"","background-media":"","overlay-type":"","overlay-color":"","overlay-opacity":"","overlay-gradient":""},"mobile":{"background-color":"","background-image":"","background-repeat":"repeat","background-position":"center center","background-size":"auto","background-attachment":"scroll","background-type":"","background-media":"","overlay-type":"","overlay-color":"","overlay-opacity":"","overlay-gradient":""}},"ast-content-background-meta":{"desktop":{"background-color":"var(--ast-global-color-5)","background-image":"","background-repeat":"repeat","background-position":"center center","background-size":"auto","background-attachment":"scroll","background-type":"","background-media":"","overlay-type":"","overlay-color":"","overlay-opacity":"","overlay-gradient":""},"tablet":{"background-color":"var(--ast-global-color-5)","background-image":"","background-repeat":"repeat","background-position":"center center","background-size":"auto","background-attachment":"scroll","background-type":"","background-media":"","overlay-type":"","overlay-color":"","overlay-opacity":"","overlay-gradient":""},"mobile":{"background-color":"var(--ast-global-color-5)","background-image":"","background-repeat":"repeat","background-position":"center center","background-size":"auto","background-attachment":"scroll","background-type":"","background-media":"","overlay-type":"","overlay-color":"","overlay-opacity":"","overlay-gradient":""}},"footnotes":""},"categories":[5,1,29],"tags":[195,330,332,331],"class_list":["post-2129","post","type-post","status-publish","format-standard","has-post-thumbnail","hentry","category-eso-2","category-general","category-portada","tag-investigacio","tag-la-marato","tag-malalties-infeccioses","tag-tv3"],"post_mailing_queue_ids":[],"_links":{"self":[{"href":"https:\/\/agora.xtec.cat\/ies-eltiller\/wp-json\/wp\/v2\/posts\/2129","targetHints":{"allow":["GET"]}}],"collection":[{"href":"https:\/\/agora.xtec.cat\/ies-eltiller\/wp-json\/wp\/v2\/posts"}],"about":[{"href":"https:\/\/agora.xtec.cat\/ies-eltiller\/wp-json\/wp\/v2\/types\/post"}],"author":[{"embeddable":true,"href":"https:\/\/agora.xtec.cat\/ies-eltiller\/wp-json\/wp\/v2\/users\/1"}],"replies":[{"embeddable":true,"href":"https:\/\/agora.xtec.cat\/ies-eltiller\/wp-json\/wp\/v2\/comments?post=2129"}],"version-history":[{"count":2,"href":"https:\/\/agora.xtec.cat\/ies-eltiller\/wp-json\/wp\/v2\/posts\/2129\/revisions"}],"predecessor-version":[{"id":2132,"href":"https:\/\/agora.xtec.cat\/ies-eltiller\/wp-json\/wp\/v2\/posts\/2129\/revisions\/2132"}],"wp:featuredmedia":[{"embeddable":true,"href":"https:\/\/agora.xtec.cat\/ies-eltiller\/wp-json\/wp\/v2\/media\/2130"}],"wp:attachment":[{"href":"https:\/\/agora.xtec.cat\/ies-eltiller\/wp-json\/wp\/v2\/media?parent=2129"}],"wp:term":[{"taxonomy":"category","embeddable":true,"href":"https:\/\/agora.xtec.cat\/ies-eltiller\/wp-json\/wp\/v2\/categories?post=2129"},{"taxonomy":"post_tag","embeddable":true,"href":"https:\/\/agora.xtec.cat\/ies-eltiller\/wp-json\/wp\/v2\/tags?post=2129"}],"curies":[{"name":"wp","href":"https:\/\/api.w.org\/{rel}","templated":true}]}}