{"id":7776,"date":"2025-05-21T09:40:20","date_gmt":"2025-05-21T07:40:20","guid":{"rendered":"https:\/\/agora.xtec.cat\/ies-dperramon\/?p=7776"},"modified":"2025-05-21T09:41:05","modified_gmt":"2025-05-21T07:41:05","slug":"comiat-i-agraiment-erasmus","status":"publish","type":"post","link":"https:\/\/agora.xtec.cat\/ies-dperramon\/curs-2024-25\/comiat-i-agraiment-erasmus\/","title":{"rendered":"Comiat i agra\u00efment \u2013 Erasmus+"},"content":{"rendered":"<div><b>Comiat i agra\u00efment \u2013 Erasmus+ &#8220;How will I travel in 2035?&#8221;<\/b><\/div>\n<div><\/div>\n<div>Ara que s\u2019acaba la primera part del projecte Erasmus+\u00a0<b>&#8220;How will I travel in 2035?&#8221;<\/b>, volem expressar el nostre agra\u00efment m\u00e9s sincer a totes les persones que l\u2019han fet possible i que l\u2019han convertit en una experi\u00e8ncia inoblidable.<\/div>\n<div><\/div>\n<div>Gr\u00e0cies de tot cor a l\u2019<b>alumnat de l\u2019HLA Baden\u00a0<\/b>per la seva implicaci\u00f3, entusiasme i ganes de compartir:<\/div>\n<div>Kira Wagner, Yuna Puth, Leo Scheiber, Filip Milojevic, Sofiia Derhun, Laura Eschner, Lara Vrabic, Ronja Prem, Viktoria Cvetkovic, Sophie Csicsayova, Davide Gallago, Adele Wurzer, Johana Bernhart, Iva Bozanovic, Nici Schr\u00f6ck i Robin Wang.<\/div>\n<div><\/div>\n<div>Tamb\u00e9 volem agrair profundament la feina, el suport i la dedicaci\u00f3 de les seves\u00a0<b>professores<\/b>:<\/div>\n<div>Heidi Kucera-Gurnhofer i Verena Reichart,<\/div>\n<div>i especialment als<b>\u00a0impulsors i coordinadors del projecte<\/b>, Christoph i Elisabeth, per fer realitat aquesta meravellosa oportunitat educativa.<\/div>\n<div><\/div>\n<div>De part de l\u2019I<b>NS Dom\u00e8nec Perramon<\/b>, volem felicitar i agrair la participaci\u00f3 dels nostres alumnes:<\/div>\n<div>Alba Pi\u00f1ol, Bruna Pessaferrer, Ainhoa Segovia, \u00c8ric Pav\u00f3n Garcia, Alba Turon, Aitor Cervera, J\u00falia Celma, Goretti de la Asunci\u00f3n, Aina Enrique, Iu Mart\u00ednez, J\u00falia Pociello, J\u00falia Currub\u00ed, Adriana Ferrera, N\u00faria Nieto, Noa Leal, Aitor Gener i Queralt Roig, que han estat amfitrions exemplars i han demostrat una gran maduresa i capacitat d\u2019acollida.<\/div>\n<div><\/div>\n<div>Gr\u00e0cies tamb\u00e9 al\u00a0<b>professorat<\/b>\u00a0que ha fet possible aquest intercanvi amb la seva dedicaci\u00f3 i acompanyament:<\/div>\n<div>Mari Fern\u00e1ndez, Georgina Fors i N\u00faria Cabezos, i a tot l\u2019equip docent que ens ha ajudat en diverses activitats: Maria G\u00f3mez, Andrea Mart\u00ednez, Gisela Peralta i Anna Sabat\u00e9.<\/div>\n<div><\/div>\n<div>\n<div>Una menci\u00f3 molt especial\u00a0<b>a totes les fam\u00edlies d\u2019acollida catalanes<\/b>, per obrir les portes de casa seva amb tanta generositat, per cuidar els alumnes austr\u00edacs com si fossin propis, i per convertir l\u2019experi\u00e8ncia en molt m\u00e9s que un intercanvi: en un veritable vincle d\u2019amistat i conviv\u00e8ncia.<\/div>\n<div>Sense vosaltres, aquest projecte no hauria estat possible. Gr\u00e0cies per ser el cor d\u2019aquesta aventura!<\/div>\n<\/div>\n<div><\/div>\n<div>Ens acomiadem d\u2019aquesta primera part de l\u2019intercanvi amb el cor ple d\u2019alegria, d\u2019aprenentatges i de records compartits. Ens emportem moments que quedaran per sempre a la mem\u00f2ria, noves amistats i ganes de tornar-nos a trobar.<\/div>\n<div><\/div>\n<div>Ens retrobem ben aviat a Baden, del\u00a0<b>12 al 18 d\u2019octubre<\/b>!<\/div>\n<div>Fins llavors, seguim viatjant plegats cap al futur amb il\u00b7lusi\u00f3 i esperit europeu.<\/div>\n<div><\/div>\n<div>\n<div><b>Farewell and Gratitude \u2013 Erasmus+ &#8220;How will I travel in 2035?&#8221;<\/b><\/div>\n<div><\/div>\n<div>As the first part of the Erasmus+ project &#8220;How will I travel in 2035?&#8221; comes to an end, we would like to express our most sincere gratitude to everyone who has made it possible and who has turned it into an unforgettable experience.<\/div>\n<div><\/div>\n<div>Heartfelt thanks to the\u00a0<b>students from HLA Baden<\/b>\u00a0for their involvement, enthusiasm and willingness to share:<\/div>\n<div>Kira Wagner, Yuna Puth, Leo Scheiber, Filip Milojevic, Sofiia Derhun, Laura Eschner, Lara Vrabic, Ronja Prem, Viktoria Cvetkovic, Sophie Csicsayova, Davide Gallago, Adele Wurzer, Johana Bernhart, Iva Bozanovic, Nici Schr\u00f6ck and Robin Wang.<\/div>\n<div><\/div>\n<div>We would also like to deeply thank their\u00a0<b>teachers<\/b>,<\/div>\n<div>Heidi Kucera-Gurnhofer and Verena Reichart,<\/div>\n<div>and especially the\u00a0<b>initiators and coordinators of the project<\/b>, Christoph and Elisabeth, for making this wonderful educational opportunity a reality.<\/div>\n<div><\/div>\n<div>On behalf of\u00a0<b>INS Dom\u00e8nec Perramo<\/b>n, we would like to congratulate and thank our students:<\/div>\n<div>Alba Pi\u00f1ol, Bruna Pessaferrer, Ainhoa Segovia, \u00c8ric Pav\u00f3n Garcia, Alba Turon, Aitor Cervera, J\u00falia Celma, Goretti de la Asunci\u00f3n, Aina Enrique, Iu Mart\u00ednez, J\u00falia Pociello, J\u00falia Currub\u00ed, Adriana Ferrera, N\u00faria Nieto, Noa Leal, Aitor Gener and Queralt Roig, who have been exemplary hosts and have shown great maturity and hospitality.<\/div>\n<div><\/div>\n<div>Many thanks as well to the\u00a0<b>teachers<\/b>\u00a0who made this exchange possible through their dedication and support:<\/div>\n<div>Mari Fern\u00e1ndez, Georgina Fors and N\u00faria Cabezos,<\/div>\n<div>and to all the teaching staff who joined us for several of the activities: Maria G\u00f3mez, Andrea Mart\u00ednez, Gisela Peralta and Anna Sabat\u00e9.<\/div>\n<div><\/div>\n<div>A very special mention to all the\u00a0<b>Catalan host families<\/b>, for opening their homes so generously, for taking care of the Austrian students as if they were their own, and for turning the experience into something far more meaningful than a simple exchange \u2013 a true bond of friendship and coexistence.<\/div>\n<div>Without you, this project would not have been possible. Thank you for being the heart of this adventure!<\/div>\n<div><\/div>\n<div>We say goodbye to this first part of the exchange with hearts full of joy, learning and shared memories. We take with us moments that will stay with us forever, new friendships and the desire to meet again.<\/div>\n<div><\/div>\n<div>We\u2019ll see each other again soon in Baden, from\u00a0<b>October 12th to 18th<\/b>!<\/div>\n<div>Until then, let\u2019s keep travelling together toward the future, full of hope and a true European spirit.<\/div>\n<\/div>\n<div><\/div>\n<div>#Erasmus+ \u00a0 #HowwillItravelin2035? \u00a0 #sustainabletourism \u00a0#cofundedbytheeuropeanunion<\/div>\n","protected":false},"excerpt":{"rendered":"<p>Comiat i agra\u00efment \u2013 Erasmus+ &#8220;How will I travel in 2035?&#8221; Ara que s\u2019acaba la primera part del projecte Erasmus+\u00a0&#8220;How will I travel in 2035?&#8221;, volem expressar el nostre agra\u00efment m\u00e9s sincer a totes les persones que l\u2019han fet possible i que l\u2019han convertit en una experi\u00e8ncia inoblidable. Gr\u00e0cies de tot cor a l\u2019alumnat de [&hellip;]<\/p>\n","protected":false},"author":1,"featured_media":7718,"comment_status":"closed","ping_status":"closed","sticky":false,"template":"","format":"standard","meta":{"_bbp_topic_count":0,"_bbp_reply_count":0,"_bbp_total_topic_count":0,"_bbp_total_reply_count":0,"_bbp_voice_count":0,"_bbp_anonymous_reply_count":0,"_bbp_topic_count_hidden":0,"_bbp_reply_count_hidden":0,"_bbp_forum_subforum_count":0,"site-sidebar-layout":"default","site-content-layout":"","ast-site-content-layout":"","site-content-style":"default","site-sidebar-style":"default","ast-global-header-display":"","ast-banner-title-visibility":"","ast-main-header-display":"","ast-hfb-above-header-display":"","ast-hfb-below-header-display":"","ast-hfb-mobile-header-display":"","site-post-title":"","ast-breadcrumbs-content":"","ast-featured-img":"","footer-sml-layout":"","theme-transparent-header-meta":"","adv-header-id-meta":"","stick-header-meta":"","header-above-stick-meta":"","header-main-stick-meta":"","header-below-stick-meta":"","astra-migrate-meta-layouts":"default","ast-page-background-enabled":"default","ast-page-background-meta":{"desktop":{"background-color":"var(--ast-global-color-4)","background-image":"","background-repeat":"repeat","background-position":"center center","background-size":"auto","background-attachment":"scroll","background-type":"","background-media":"","overlay-type":"","overlay-color":"","overlay-opacity":"","overlay-gradient":""},"tablet":{"background-color":"","background-image":"","background-repeat":"repeat","background-position":"center center","background-size":"auto","background-attachment":"scroll","background-type":"","background-media":"","overlay-type":"","overlay-color":"","overlay-opacity":"","overlay-gradient":""},"mobile":{"background-color":"","background-image":"","background-repeat":"repeat","background-position":"center center","background-size":"auto","background-attachment":"scroll","background-type":"","background-media":"","overlay-type":"","overlay-color":"","overlay-opacity":"","overlay-gradient":""}},"ast-content-background-meta":{"desktop":{"background-color":"var(--ast-global-color-5)","background-image":"","background-repeat":"repeat","background-position":"center center","background-size":"auto","background-attachment":"scroll","background-type":"","background-media":"","overlay-type":"","overlay-color":"","overlay-opacity":"","overlay-gradient":""},"tablet":{"background-color":"var(--ast-global-color-5)","background-image":"","background-repeat":"repeat","background-position":"center center","background-size":"auto","background-attachment":"scroll","background-type":"","background-media":"","overlay-type":"","overlay-color":"","overlay-opacity":"","overlay-gradient":""},"mobile":{"background-color":"var(--ast-global-color-5)","background-image":"","background-repeat":"repeat","background-position":"center center","background-size":"auto","background-attachment":"scroll","background-type":"","background-media":"","overlay-type":"","overlay-color":"","overlay-opacity":"","overlay-gradient":""}},"footnotes":""},"categories":[339,340],"tags":[],"class_list":["post-7776","post","type-post","status-publish","format-standard","has-post-thumbnail","hentry","category-curs-2024-25","category-erasmus"],"post_mailing_queue_ids":[],"_links":{"self":[{"href":"https:\/\/agora.xtec.cat\/ies-dperramon\/wp-json\/wp\/v2\/posts\/7776","targetHints":{"allow":["GET"]}}],"collection":[{"href":"https:\/\/agora.xtec.cat\/ies-dperramon\/wp-json\/wp\/v2\/posts"}],"about":[{"href":"https:\/\/agora.xtec.cat\/ies-dperramon\/wp-json\/wp\/v2\/types\/post"}],"author":[{"embeddable":true,"href":"https:\/\/agora.xtec.cat\/ies-dperramon\/wp-json\/wp\/v2\/users\/1"}],"replies":[{"embeddable":true,"href":"https:\/\/agora.xtec.cat\/ies-dperramon\/wp-json\/wp\/v2\/comments?post=7776"}],"version-history":[{"count":1,"href":"https:\/\/agora.xtec.cat\/ies-dperramon\/wp-json\/wp\/v2\/posts\/7776\/revisions"}],"predecessor-version":[{"id":7778,"href":"https:\/\/agora.xtec.cat\/ies-dperramon\/wp-json\/wp\/v2\/posts\/7776\/revisions\/7778"}],"wp:featuredmedia":[{"embeddable":true,"href":"https:\/\/agora.xtec.cat\/ies-dperramon\/wp-json\/wp\/v2\/media\/7718"}],"wp:attachment":[{"href":"https:\/\/agora.xtec.cat\/ies-dperramon\/wp-json\/wp\/v2\/media?parent=7776"}],"wp:term":[{"taxonomy":"category","embeddable":true,"href":"https:\/\/agora.xtec.cat\/ies-dperramon\/wp-json\/wp\/v2\/categories?post=7776"},{"taxonomy":"post_tag","embeddable":true,"href":"https:\/\/agora.xtec.cat\/ies-dperramon\/wp-json\/wp\/v2\/tags?post=7776"}],"curies":[{"name":"wp","href":"https:\/\/api.w.org\/{rel}","templated":true}]}}