{"id":768,"date":"2014-03-06T10:07:52","date_gmt":"2014-03-06T10:07:52","guid":{"rendered":"http:\/\/www.dperramon.cat\/?p=768"},"modified":"2014-03-06T10:07:52","modified_gmt":"2014-03-06T10:07:52","slug":"marc-2014","status":"publish","type":"post","link":"https:\/\/agora.xtec.cat\/ies-dperramon\/inici\/marc-2014\/","title":{"rendered":"MAR\u00c7 2014"},"content":{"rendered":"<p><strong><span style=\"font-size: x-large;\">Xerrades<\/span><\/strong><\/p>\n<p><span style=\"font-size: large;\">Xerrada \u00a0sobre la diversitat 3r ESO (27 de febrer, 6,13 i 20 de mar\u00e7)<\/span><\/p>\n<div style=\"width: 854px;\" class=\"wp-video\"><!--[if lt IE 9]><script>document.createElement('video');<\/script><![endif]-->\n<video class=\"wp-video-shortcode\" id=\"video-768-1\" width=\"854\" height=\"480\" preload=\"metadata\" controls=\"controls\"><source type=\"video\/x-ms-wmv\" src=\"https:\/\/agora.xtec.cat\/ies-dperramon\/wp-content\/uploads\/usu947\/2014\/03\/Sud-fran\u00e7a.wmv?_=1\" \/><a href=\"https:\/\/agora.xtec.cat\/ies-dperramon\/wp-content\/uploads\/usu947\/2014\/03\/Sud-fran\u00e7a.wmv\">https:\/\/agora.xtec.cat\/ies-dperramon\/wp-content\/uploads\/usu947\/2014\/03\/Sud-fran\u00e7a.wmv<\/a><\/video><\/div>\n<p><span style=\"font-size: large;\">Xerrada de l&#8217;escriptora Gemma Lienas, 2n ESO (10 de mar\u00e7)<\/span><\/p>\n<div style=\"width: 854px;\" class=\"wp-video\"><video class=\"wp-video-shortcode\" id=\"video-768-2\" width=\"854\" height=\"480\" preload=\"metadata\" controls=\"controls\"><source type=\"video\/x-ms-wmv\" src=\"https:\/\/agora.xtec.cat\/ies-dperramon\/wp-content\/uploads\/usu947\/2014\/03\/Sud-fran\u00e7a.wmv?_=2\" \/><a href=\"https:\/\/agora.xtec.cat\/ies-dperramon\/wp-content\/uploads\/usu947\/2014\/03\/Sud-fran\u00e7a.wmv\">https:\/\/agora.xtec.cat\/ies-dperramon\/wp-content\/uploads\/usu947\/2014\/03\/Sud-fran\u00e7a.wmv<\/a><\/video><\/div>\n<p><span style=\"font-size: large;\">Projecte EFEC d&#8217;alfabetitzaci\u00f3 econ\u00f2mica, 4t ESO (11,12,18,19,25 i 26 de mar\u00e7)<\/span><\/p>\n<p><span style=\"font-size: large;\">Taller d&#8217;educaci\u00f3 vi\u00e0ria, 3r ESO B (11 de mar\u00e7) la resta de cursos el 18 febrer 3r A, 25 febrer 3r D , 18 mar\u00e7 3r C<\/span><\/p>\n<p><span style=\"font-size: large;\">Taller ciclomotors , 3r ESO (21 de mar\u00e7)<\/span><\/p>\n<div style=\"width: 854px;\" class=\"wp-video\"><video class=\"wp-video-shortcode\" id=\"video-768-3\" width=\"854\" height=\"480\" preload=\"metadata\" controls=\"controls\"><source type=\"video\/x-ms-wmv\" src=\"https:\/\/agora.xtec.cat\/ies-dperramon\/wp-content\/uploads\/usu947\/2014\/03\/Sud-fran\u00e7a.wmv?_=3\" \/><a href=\"https:\/\/agora.xtec.cat\/ies-dperramon\/wp-content\/uploads\/usu947\/2014\/03\/Sud-fran\u00e7a.wmv\">https:\/\/agora.xtec.cat\/ies-dperramon\/wp-content\/uploads\/usu947\/2014\/03\/Sud-fran\u00e7a.wmv<\/a><\/video><\/div>\n<div style=\"width: 854px;\" class=\"wp-video\"><video class=\"wp-video-shortcode\" id=\"video-768-4\" width=\"854\" height=\"480\" preload=\"metadata\" controls=\"controls\"><source type=\"video\/x-ms-wmv\" src=\"https:\/\/agora.xtec.cat\/ies-dperramon\/wp-content\/uploads\/usu947\/2014\/03\/Sud-fran\u00e7a.wmv?_=4\" \/><a href=\"https:\/\/agora.xtec.cat\/ies-dperramon\/wp-content\/uploads\/usu947\/2014\/03\/Sud-fran\u00e7a.wmv\">https:\/\/agora.xtec.cat\/ies-dperramon\/wp-content\/uploads\/usu947\/2014\/03\/Sud-fran\u00e7a.wmv<\/a><\/video><\/div>\n<p><span style=\"font-size: large;\">Taller de prevenci\u00f3 de transtorns de l&#8217;alimentaci\u00f3, 2n ESO (18 i 19 de mar\u00e7)<\/span><\/p>\n<p><strong><span style=\"font-size: x-large;\">Sortides<\/span><\/strong><\/p>\n<p><span style=\"font-size: large;\">Viatge cultural de 2n de batxillerat al sud de Fran\u00e7a (12, 13 i 14 de mar\u00e7)<\/span><\/p>\n<div style=\"width: 854px;\" class=\"wp-video\"><video class=\"wp-video-shortcode\" id=\"video-768-5\" width=\"854\" height=\"480\" preload=\"metadata\" controls=\"controls\"><source type=\"video\/x-ms-wmv\" src=\"https:\/\/agora.xtec.cat\/ies-dperramon\/wp-content\/uploads\/usu947\/2014\/03\/Sud-fran\u00e7a.wmv?_=5\" \/><a href=\"https:\/\/agora.xtec.cat\/ies-dperramon\/wp-content\/uploads\/usu947\/2014\/03\/Sud-fran\u00e7a.wmv\">https:\/\/agora.xtec.cat\/ies-dperramon\/wp-content\/uploads\/usu947\/2014\/03\/Sud-fran\u00e7a.wmv<\/a><\/video><\/div>\n<p><span style=\"font-size: large;\">Visita al sal\u00f3 de l&#8217;ensenyament. 4t d&#8217;ESO i 1r de batxillerat (13 de mar\u00e7)<\/span><\/p>\n<p><span style=\"font-size: large;\">Teatre cl\u00e0ssic. 1r i 2n de batxillerat (25 de mar\u00e7)\u00a0<\/span><\/p>\n<p><span style=\"font-size: large;\">Cosmocaixa 2n i 4t \u00a0d&#8217;ESO (27 de mar\u00e7)<\/span><\/p>\n<p><strong><span style=\"font-size: x-large;\">Altres<\/span><\/strong><\/p>\n<p><span style=\"font-size: large;\">Setmana verda de batxillerat (6,7,10 i 11 de mar\u00e7)<\/span><\/p>\n<p><span style=\"font-size: large;\">Avaluacions , 1r i 4t ESO el 17 de mar\u00e7, 2n i 3r ESO 18 de mar\u00e7, batxillerat 19 mar\u00e7<\/span><\/p>\n<p><span style=\"font-size: medium;\"><span style=\"font-size: large;\">Lliurament de notes, 21 i 24 de mar\u00e7<\/span><br \/>\n<\/span><\/p>\n<p><span style=\"font-size: large;\">Concurs FONIX, l&#8217;1 de mar\u00e7 5 alumnes del centre van fer la segona prova a Barcelona.<\/span><\/p>\n<p><span style=\"font-size: large;\">Proves cangur &#8211; concurs de matem\u00e0tiques- (20 de mar\u00e7 a l&#8217;escola universit\u00e0ria de Canet de Mar)<\/span><\/p>\n<p>Hola!!<br \/>\nAvui hem participat a les proves cangur, un concurs de la societat catalana de matem\u00e0tiques.<br \/>\nL&#8217;Oscar Lek, de primer de batxillerat, l&#8217;any passat va quedar 9\u00e9 de tot catalunya (i va rebre un iPad de regal)!!! \u00a0A veure aquest \u00a0any<br \/>\nEls alumnes diuen que era dif\u00edcil i que ho han passat b\u00e9 .<br \/>\nAquest any, l&#8217;alumne Guifr\u00e9 S\u00e1nchez (1r de bat) ha guanyat la olimpiada telem\u00e0tica de matem\u00e0tiques !!!<\/p>\n<div style=\"width: 854px;\" class=\"wp-video\"><video class=\"wp-video-shortcode\" id=\"video-768-6\" width=\"854\" height=\"480\" preload=\"metadata\" controls=\"controls\"><source type=\"video\/x-ms-wmv\" src=\"https:\/\/agora.xtec.cat\/ies-dperramon\/wp-content\/uploads\/usu947\/2014\/03\/Sud-fran\u00e7a.wmv?_=6\" \/><a href=\"https:\/\/agora.xtec.cat\/ies-dperramon\/wp-content\/uploads\/usu947\/2014\/03\/Sud-fran\u00e7a.wmv\">https:\/\/agora.xtec.cat\/ies-dperramon\/wp-content\/uploads\/usu947\/2014\/03\/Sud-fran\u00e7a.wmv<\/a><\/video><\/div>\n<p><strong><span style=\"font-size: x-large;\">Men\u00fa de mar\u00e7<\/span><\/strong><\/p>\n<p><a href=\"http:\/\/agora.xtec.cat\/ies-dperramon\/wp-content\/uploads\/usu947\/2014\/03\/MEN\u00da-CANTINA-INSTITUT-MES-DE-MAR\u00c7-2014.pdf\" target=\"_blank\">MEN\u00da CANTINA INSTITUT MES DE MAR\u00c7 2014<\/a><\/p>\n","protected":false},"excerpt":{"rendered":"<p>Xerrades Xerrada \u00a0sobre la diversitat 3r ESO (27 de febrer, 6,13 i 20 de mar\u00e7) Xerrada de l&#8217;escriptora Gemma Lienas, 2n ESO (10 de mar\u00e7) Projecte EFEC d&#8217;alfabetitzaci\u00f3 econ\u00f2mica, 4t ESO (11,12,18,19,25 i 26 de mar\u00e7) Taller d&#8217;educaci\u00f3 vi\u00e0ria, 3r ESO B (11 de mar\u00e7) la resta de cursos el 18 febrer 3r A, 25 [&hellip;]<\/p>\n","protected":false},"author":1,"featured_media":0,"comment_status":"open","ping_status":"open","sticky":false,"template":"","format":"standard","meta":{"_bbp_topic_count":0,"_bbp_reply_count":0,"_bbp_total_topic_count":0,"_bbp_total_reply_count":0,"_bbp_voice_count":0,"_bbp_anonymous_reply_count":0,"_bbp_topic_count_hidden":0,"_bbp_reply_count_hidden":0,"_bbp_forum_subforum_count":0,"site-sidebar-layout":"default","site-content-layout":"","ast-site-content-layout":"","site-content-style":"default","site-sidebar-style":"default","ast-global-header-display":"","ast-banner-title-visibility":"","ast-main-header-display":"","ast-hfb-above-header-display":"","ast-hfb-below-header-display":"","ast-hfb-mobile-header-display":"","site-post-title":"","ast-breadcrumbs-content":"","ast-featured-img":"","footer-sml-layout":"","theme-transparent-header-meta":"","adv-header-id-meta":"","stick-header-meta":"","header-above-stick-meta":"","header-main-stick-meta":"","header-below-stick-meta":"","astra-migrate-meta-layouts":"default","ast-page-background-enabled":"default","ast-page-background-meta":{"desktop":{"background-color":"var(--ast-global-color-4)","background-image":"","background-repeat":"repeat","background-position":"center center","background-size":"auto","background-attachment":"scroll","background-type":"","background-media":"","overlay-type":"","overlay-color":"","overlay-opacity":"","overlay-gradient":""},"tablet":{"background-color":"","background-image":"","background-repeat":"repeat","background-position":"center center","background-size":"auto","background-attachment":"scroll","background-type":"","background-media":"","overlay-type":"","overlay-color":"","overlay-opacity":"","overlay-gradient":""},"mobile":{"background-color":"","background-image":"","background-repeat":"repeat","background-position":"center center","background-size":"auto","background-attachment":"scroll","background-type":"","background-media":"","overlay-type":"","overlay-color":"","overlay-opacity":"","overlay-gradient":""}},"ast-content-background-meta":{"desktop":{"background-color":"var(--ast-global-color-5)","background-image":"","background-repeat":"repeat","background-position":"center center","background-size":"auto","background-attachment":"scroll","background-type":"","background-media":"","overlay-type":"","overlay-color":"","overlay-opacity":"","overlay-gradient":""},"tablet":{"background-color":"var(--ast-global-color-5)","background-image":"","background-repeat":"repeat","background-position":"center center","background-size":"auto","background-attachment":"scroll","background-type":"","background-media":"","overlay-type":"","overlay-color":"","overlay-opacity":"","overlay-gradient":""},"mobile":{"background-color":"var(--ast-global-color-5)","background-image":"","background-repeat":"repeat","background-position":"center center","background-size":"auto","background-attachment":"scroll","background-type":"","background-media":"","overlay-type":"","overlay-color":"","overlay-opacity":"","overlay-gradient":""}},"footnotes":""},"categories":[149],"tags":[],"class_list":["post-768","post","type-post","status-publish","format-standard","hentry","category-inici"],"post_mailing_queue_ids":[],"_links":{"self":[{"href":"https:\/\/agora.xtec.cat\/ies-dperramon\/wp-json\/wp\/v2\/posts\/768","targetHints":{"allow":["GET"]}}],"collection":[{"href":"https:\/\/agora.xtec.cat\/ies-dperramon\/wp-json\/wp\/v2\/posts"}],"about":[{"href":"https:\/\/agora.xtec.cat\/ies-dperramon\/wp-json\/wp\/v2\/types\/post"}],"author":[{"embeddable":true,"href":"https:\/\/agora.xtec.cat\/ies-dperramon\/wp-json\/wp\/v2\/users\/1"}],"replies":[{"embeddable":true,"href":"https:\/\/agora.xtec.cat\/ies-dperramon\/wp-json\/wp\/v2\/comments?post=768"}],"version-history":[{"count":0,"href":"https:\/\/agora.xtec.cat\/ies-dperramon\/wp-json\/wp\/v2\/posts\/768\/revisions"}],"wp:attachment":[{"href":"https:\/\/agora.xtec.cat\/ies-dperramon\/wp-json\/wp\/v2\/media?parent=768"}],"wp:term":[{"taxonomy":"category","embeddable":true,"href":"https:\/\/agora.xtec.cat\/ies-dperramon\/wp-json\/wp\/v2\/categories?post=768"},{"taxonomy":"post_tag","embeddable":true,"href":"https:\/\/agora.xtec.cat\/ies-dperramon\/wp-json\/wp\/v2\/tags?post=768"}],"curies":[{"name":"wp","href":"https:\/\/api.w.org\/{rel}","templated":true}]}}