{"id":7648,"date":"2025-03-25T08:15:18","date_gmt":"2025-03-25T07:15:18","guid":{"rendered":"https:\/\/agora.xtec.cat\/ies-dperramon\/?p=7648"},"modified":"2025-03-26T09:23:25","modified_gmt":"2025-03-26T08:23:25","slug":"the-wizard-of-oz-una-experiencia-teatral-inoblidable","status":"publish","type":"post","link":"https:\/\/agora.xtec.cat\/ies-dperramon\/eso\/eso-1\/the-wizard-of-oz-una-experiencia-teatral-inoblidable\/","title":{"rendered":"The Wizard of Oz: una experi\u00e8ncia teatral inoblidable"},"content":{"rendered":"<p>La setmana passada (mar\u00e7 25) vam donar per finalitzat el projecte de teatre The Wizard of Oz, una iniciativa que ha implicat tot l&#8217;alumnat de 1r d&#8217;ESO. Aquest projecte, realitzat \u00edntegrament en angl\u00e8s, ha estat una experi\u00e8ncia enriquidora que ha combinat l&#8217;aprenentatge de la llengua amb les arts esc\u00e8niques.<br \/>\nL&#8217;alumnat ha participat activament en totes les fases del projecte: des del repartiment i la lectura del gui\u00f3, la seva traducci\u00f3 i adaptaci\u00f3, fins a l&#8217;assignaci\u00f3 de personatges i tasques t\u00e8cniques. Hem gaudit de cada moment: els assajos per escenes, la cerca de vestuari i decorats, i fins i tot la creaci\u00f3 d&#8217;efectes de so que han donat vida a l&#8217;espectacle.<br \/>\nTot aquest esfor\u00e7 es va veure recompensat amb una magn\u00edfica representaci\u00f3 final al gimn\u00e0s del centre, on l&#8217;alumnat va demostrar tot el seu talent i dedicaci\u00f3.<br \/>\nAquest projecte no nom\u00e9s ha servit per millorar la compet\u00e8ncia ling\u00fc\u00edstica en angl\u00e8s, sin\u00f3 que tamb\u00e9 ha fomentat el treball en equip, el comprom\u00eds i la valoraci\u00f3 de totes les tasques necess\u00e0ries per tirar endavant un espectacle, on cada persona t\u00e9 un paper essencial.<br \/>\nGr\u00e0cies a tot l&#8217;alumnat per la seva implicaci\u00f3 i a totes les persones que han fet possible aquest projecte. Ha estat una experi\u00e8ncia inoblidable!<\/p>\n<p>Eloy Pardo, Laura Tinadonis i Mari Fern\u00e1ndez<br \/>\nProfessors de Projectes 1r ESO<\/p>\n<div class=\"yj6qo\"><\/div>\n","protected":false},"excerpt":{"rendered":"<p>La setmana passada (mar\u00e7 25) vam donar per finalitzat el projecte de teatre The Wizard of Oz, una iniciativa que ha implicat tot l&#8217;alumnat de 1r d&#8217;ESO. Aquest projecte, realitzat \u00edntegrament en angl\u00e8s, ha estat una experi\u00e8ncia enriquidora que ha combinat l&#8217;aprenentatge de la llengua amb les arts esc\u00e8niques. L&#8217;alumnat ha participat activament en totes [&hellip;]<\/p>\n","protected":false},"author":1,"featured_media":7637,"comment_status":"closed","ping_status":"closed","sticky":false,"template":"","format":"standard","meta":{"_bbp_topic_count":0,"_bbp_reply_count":0,"_bbp_total_topic_count":0,"_bbp_total_reply_count":0,"_bbp_voice_count":0,"_bbp_anonymous_reply_count":0,"_bbp_topic_count_hidden":0,"_bbp_reply_count_hidden":0,"_bbp_forum_subforum_count":0,"site-sidebar-layout":"default","site-content-layout":"","ast-site-content-layout":"","site-content-style":"default","site-sidebar-style":"default","ast-global-header-display":"","ast-banner-title-visibility":"","ast-main-header-display":"","ast-hfb-above-header-display":"","ast-hfb-below-header-display":"","ast-hfb-mobile-header-display":"","site-post-title":"","ast-breadcrumbs-content":"","ast-featured-img":"","footer-sml-layout":"","theme-transparent-header-meta":"","adv-header-id-meta":"","stick-header-meta":"","header-above-stick-meta":"","header-main-stick-meta":"","header-below-stick-meta":"","astra-migrate-meta-layouts":"default","ast-page-background-enabled":"default","ast-page-background-meta":{"desktop":{"background-color":"var(--ast-global-color-4)","background-image":"","background-repeat":"repeat","background-position":"center center","background-size":"auto","background-attachment":"scroll","background-type":"","background-media":"","overlay-type":"","overlay-color":"","overlay-opacity":"","overlay-gradient":""},"tablet":{"background-color":"","background-image":"","background-repeat":"repeat","background-position":"center center","background-size":"auto","background-attachment":"scroll","background-type":"","background-media":"","overlay-type":"","overlay-color":"","overlay-opacity":"","overlay-gradient":""},"mobile":{"background-color":"","background-image":"","background-repeat":"repeat","background-position":"center center","background-size":"auto","background-attachment":"scroll","background-type":"","background-media":"","overlay-type":"","overlay-color":"","overlay-opacity":"","overlay-gradient":""}},"ast-content-background-meta":{"desktop":{"background-color":"var(--ast-global-color-5)","background-image":"","background-repeat":"repeat","background-position":"center center","background-size":"auto","background-attachment":"scroll","background-type":"","background-media":"","overlay-type":"","overlay-color":"","overlay-opacity":"","overlay-gradient":""},"tablet":{"background-color":"var(--ast-global-color-5)","background-image":"","background-repeat":"repeat","background-position":"center center","background-size":"auto","background-attachment":"scroll","background-type":"","background-media":"","overlay-type":"","overlay-color":"","overlay-opacity":"","overlay-gradient":""},"mobile":{"background-color":"var(--ast-global-color-5)","background-image":"","background-repeat":"repeat","background-position":"center center","background-size":"auto","background-attachment":"scroll","background-type":"","background-media":"","overlay-type":"","overlay-color":"","overlay-opacity":"","overlay-gradient":""}},"footnotes":""},"categories":[132,339,4,127,29],"tags":[],"class_list":["post-7648","post","type-post","status-publish","format-standard","has-post-thumbnail","hentry","category-representacions-i-actes-relacionats-amb-el-mon-de-la-cultura-i-el-cinema","category-curs-2024-25","category-eso-1","category-angles","category-portada"],"post_mailing_queue_ids":[],"_links":{"self":[{"href":"https:\/\/agora.xtec.cat\/ies-dperramon\/wp-json\/wp\/v2\/posts\/7648","targetHints":{"allow":["GET"]}}],"collection":[{"href":"https:\/\/agora.xtec.cat\/ies-dperramon\/wp-json\/wp\/v2\/posts"}],"about":[{"href":"https:\/\/agora.xtec.cat\/ies-dperramon\/wp-json\/wp\/v2\/types\/post"}],"author":[{"embeddable":true,"href":"https:\/\/agora.xtec.cat\/ies-dperramon\/wp-json\/wp\/v2\/users\/1"}],"replies":[{"embeddable":true,"href":"https:\/\/agora.xtec.cat\/ies-dperramon\/wp-json\/wp\/v2\/comments?post=7648"}],"version-history":[{"count":1,"href":"https:\/\/agora.xtec.cat\/ies-dperramon\/wp-json\/wp\/v2\/posts\/7648\/revisions"}],"predecessor-version":[{"id":7649,"href":"https:\/\/agora.xtec.cat\/ies-dperramon\/wp-json\/wp\/v2\/posts\/7648\/revisions\/7649"}],"wp:featuredmedia":[{"embeddable":true,"href":"https:\/\/agora.xtec.cat\/ies-dperramon\/wp-json\/wp\/v2\/media\/7637"}],"wp:attachment":[{"href":"https:\/\/agora.xtec.cat\/ies-dperramon\/wp-json\/wp\/v2\/media?parent=7648"}],"wp:term":[{"taxonomy":"category","embeddable":true,"href":"https:\/\/agora.xtec.cat\/ies-dperramon\/wp-json\/wp\/v2\/categories?post=7648"},{"taxonomy":"post_tag","embeddable":true,"href":"https:\/\/agora.xtec.cat\/ies-dperramon\/wp-json\/wp\/v2\/tags?post=7648"}],"curies":[{"name":"wp","href":"https:\/\/api.w.org\/{rel}","templated":true}]}}