{"id":7421,"date":"2024-10-03T20:46:24","date_gmt":"2024-10-03T18:46:24","guid":{"rendered":"https:\/\/agora.xtec.cat\/ies-dperramon\/?p=7421"},"modified":"2024-10-03T20:50:07","modified_gmt":"2024-10-03T18:50:07","slug":"fem-radio-ja-esta-en-marxa-2425","status":"publish","type":"post","link":"https:\/\/agora.xtec.cat\/ies-dperramon\/general\/fem-radio-ja-esta-en-marxa-2425\/","title":{"rendered":"Fem R\u00e0dio ja est\u00e0 en marxa!"},"content":{"rendered":"<p style=\"font-weight: 400;\"><img loading=\"lazy\" decoding=\"async\" class=\"size-full wp-image-7422 alignright\" src=\"https:\/\/agora.xtec.cat\/ies-dperramon\/wp-content\/uploads\/usu947\/2024\/09\/femradio24.png\" alt=\"\" width=\"240\" height=\"240\" srcset=\"https:\/\/agora.xtec.cat\/ies-dperramon\/wp-content\/uploads\/usu947\/2024\/09\/femradio24.png 240w, https:\/\/agora.xtec.cat\/ies-dperramon\/wp-content\/uploads\/usu947\/2024\/09\/femradio24-150x150.png 150w\" sizes=\"auto, (max-width: 240px) 100vw, 240px\" \/>L\u2019optativa de r\u00e0dio de 3r d\u2019ESO per al primer quadrimestre del curs 2024-2025 ja est\u00e0 en marxa! Una vintena d&#8217;alumnes apassionats per la comunicaci\u00f3 i el m\u00f3n radiof\u00f2nic s&#8217;han posat mans a l&#8217;obra per crear un programa carregat de continguts din\u00e0mics, frescos i interessants que de ben segur captivar\u00e0 l\u2019audi\u00e8ncia.<\/p>\n<p style=\"font-weight: 400;\">Cada dimecres i divendres, els estudiants treballaran en equip per dissenyar, elaborar i enregistrar els seus propis continguts, que es transmetran per R\u00e0dio Arenys de Munt. A m\u00e9s, sortiran de l&#8217;aula per fer petites entrevistes i recollir les opinions i inquietuds del nostre entorn, donant veu als temes m\u00e9s rellevants de la comunitat.<\/p>\n<p style=\"font-weight: 400;\">Estem impacients per escoltar el seu talent a les ones. No us perdeu les properes emissions d\u2019aquests joves comunicadors!<\/p>\n<p style=\"font-weight: 400;\">Mari Fern\u00e1ndez<\/p>\n","protected":false},"excerpt":{"rendered":"<p>Una vintena d&#8217;alumnes apassionats per la comunicaci\u00f3 i el m\u00f3n radiof\u00f2nic s&#8217;han posat mans a l&#8217;obra per crear un programa carregat de continguts din\u00e0mics, frescos i interessants que de ben segur captivar\u00e0 l\u2019audi\u00e8ncia.<\/p>\n","protected":false},"author":369,"featured_media":7422,"comment_status":"closed","ping_status":"closed","sticky":false,"template":"","format":"standard","meta":{"_bbp_topic_count":0,"_bbp_reply_count":0,"_bbp_total_topic_count":0,"_bbp_total_reply_count":0,"_bbp_voice_count":0,"_bbp_anonymous_reply_count":0,"_bbp_topic_count_hidden":0,"_bbp_reply_count_hidden":0,"_bbp_forum_subforum_count":0,"site-sidebar-layout":"default","site-content-layout":"","ast-site-content-layout":"","site-content-style":"default","site-sidebar-style":"default","ast-global-header-display":"","ast-banner-title-visibility":"","ast-main-header-display":"","ast-hfb-above-header-display":"","ast-hfb-below-header-display":"","ast-hfb-mobile-header-display":"","site-post-title":"","ast-breadcrumbs-content":"","ast-featured-img":"","footer-sml-layout":"","theme-transparent-header-meta":"","adv-header-id-meta":"","stick-header-meta":"","header-above-stick-meta":"","header-main-stick-meta":"","header-below-stick-meta":"","astra-migrate-meta-layouts":"default","ast-page-background-enabled":"default","ast-page-background-meta":{"desktop":{"background-color":"var(--ast-global-color-4)","background-image":"","background-repeat":"repeat","background-position":"center center","background-size":"auto","background-attachment":"scroll","background-type":"","background-media":"","overlay-type":"","overlay-color":"","overlay-opacity":"","overlay-gradient":""},"tablet":{"background-color":"","background-image":"","background-repeat":"repeat","background-position":"center center","background-size":"auto","background-attachment":"scroll","background-type":"","background-media":"","overlay-type":"","overlay-color":"","overlay-opacity":"","overlay-gradient":""},"mobile":{"background-color":"","background-image":"","background-repeat":"repeat","background-position":"center center","background-size":"auto","background-attachment":"scroll","background-type":"","background-media":"","overlay-type":"","overlay-color":"","overlay-opacity":"","overlay-gradient":""}},"ast-content-background-meta":{"desktop":{"background-color":"var(--ast-global-color-5)","background-image":"","background-repeat":"repeat","background-position":"center center","background-size":"auto","background-attachment":"scroll","background-type":"","background-media":"","overlay-type":"","overlay-color":"","overlay-opacity":"","overlay-gradient":""},"tablet":{"background-color":"var(--ast-global-color-5)","background-image":"","background-repeat":"repeat","background-position":"center center","background-size":"auto","background-attachment":"scroll","background-type":"","background-media":"","overlay-type":"","overlay-color":"","overlay-opacity":"","overlay-gradient":""},"mobile":{"background-color":"var(--ast-global-color-5)","background-image":"","background-repeat":"repeat","background-position":"center center","background-size":"auto","background-attachment":"scroll","background-type":"","background-media":"","overlay-type":"","overlay-color":"","overlay-opacity":"","overlay-gradient":""}},"footnotes":""},"categories":[339,5,1,29],"tags":[],"class_list":["post-7421","post","type-post","status-publish","format-standard","has-post-thumbnail","hentry","category-curs-2024-25","category-eso-2","category-general","category-portada"],"post_mailing_queue_ids":[],"_links":{"self":[{"href":"https:\/\/agora.xtec.cat\/ies-dperramon\/wp-json\/wp\/v2\/posts\/7421","targetHints":{"allow":["GET"]}}],"collection":[{"href":"https:\/\/agora.xtec.cat\/ies-dperramon\/wp-json\/wp\/v2\/posts"}],"about":[{"href":"https:\/\/agora.xtec.cat\/ies-dperramon\/wp-json\/wp\/v2\/types\/post"}],"author":[{"embeddable":true,"href":"https:\/\/agora.xtec.cat\/ies-dperramon\/wp-json\/wp\/v2\/users\/369"}],"replies":[{"embeddable":true,"href":"https:\/\/agora.xtec.cat\/ies-dperramon\/wp-json\/wp\/v2\/comments?post=7421"}],"version-history":[{"count":4,"href":"https:\/\/agora.xtec.cat\/ies-dperramon\/wp-json\/wp\/v2\/posts\/7421\/revisions"}],"predecessor-version":[{"id":7429,"href":"https:\/\/agora.xtec.cat\/ies-dperramon\/wp-json\/wp\/v2\/posts\/7421\/revisions\/7429"}],"wp:featuredmedia":[{"embeddable":true,"href":"https:\/\/agora.xtec.cat\/ies-dperramon\/wp-json\/wp\/v2\/media\/7422"}],"wp:attachment":[{"href":"https:\/\/agora.xtec.cat\/ies-dperramon\/wp-json\/wp\/v2\/media?parent=7421"}],"wp:term":[{"taxonomy":"category","embeddable":true,"href":"https:\/\/agora.xtec.cat\/ies-dperramon\/wp-json\/wp\/v2\/categories?post=7421"},{"taxonomy":"post_tag","embeddable":true,"href":"https:\/\/agora.xtec.cat\/ies-dperramon\/wp-json\/wp\/v2\/tags?post=7421"}],"curies":[{"name":"wp","href":"https:\/\/api.w.org\/{rel}","templated":true}]}}