{"id":6868,"date":"2023-09-14T20:29:34","date_gmt":"2023-09-14T18:29:34","guid":{"rendered":"https:\/\/agora.xtec.cat\/ies-dperramon\/?p=6868"},"modified":"2023-09-15T08:43:40","modified_gmt":"2023-09-15T06:43:40","slug":"radio-arenys-de-munt-al-institut-14-09","status":"publish","type":"post","link":"https:\/\/agora.xtec.cat\/ies-dperramon\/portada\/radio-arenys-de-munt-al-institut-14-09\/","title":{"rendered":"R\u00e0dio Arenys de Munt al institut 14-09"},"content":{"rendered":"<p>Avui un equip del caf\u00e8 del mat\u00ed de R\u00e0dio Arenys de Munt ha vingut a fer un directe a l&#8217;institut per con\u00e8ixer de primera m\u00e0 com han estat els primers dies de curs i per saber les principals novetats que marcaran aquest any.<\/p>\n<p>Hem parlat de com han anat les classes els primers dies, de l&#8217;excel\u00b7l\u00e8ncia (que l&#8217;alumnat de 2n de BAT que ha marxat ha tret molt bons resultats a les PAU) i a continuaci\u00f3 les novetats: les col\u00f2nies que es faran a 2n d&#8217;ESO a la Vall d&#8217;Aran; l&#8217;intercanvi ling\u00fc\u00edstic amb alemanya i els projectes ERASMUS + que tindrem els dos propers cursos al centre. Projectes que permetran que hi hagi mobilitats de professorat i alumnat.<\/p>\n<p>Ha estat un plaer. Gr\u00e0cies, Paula i Elena.<\/p>\n<p><img loading=\"lazy\" decoding=\"async\" class=\"aligncenter wp-image-6869\" src=\"https:\/\/agora.xtec.cat\/ies-dperramon\/wp-content\/uploads\/usu947\/2023\/09\/cafe-del-mati-de-Radio-Arenys_h-1024x855.jpg\" alt=\"\" width=\"557\" height=\"465\" srcset=\"https:\/\/agora.xtec.cat\/ies-dperramon\/wp-content\/uploads\/usu947\/2023\/09\/cafe-del-mati-de-Radio-Arenys_h-1024x855.jpg 1024w, https:\/\/agora.xtec.cat\/ies-dperramon\/wp-content\/uploads\/usu947\/2023\/09\/cafe-del-mati-de-Radio-Arenys_h-300x250.jpg 300w, https:\/\/agora.xtec.cat\/ies-dperramon\/wp-content\/uploads\/usu947\/2023\/09\/cafe-del-mati-de-Radio-Arenys_h-768x642.jpg 768w, https:\/\/agora.xtec.cat\/ies-dperramon\/wp-content\/uploads\/usu947\/2023\/09\/cafe-del-mati-de-Radio-Arenys_h.jpg 1500w\" sizes=\"auto, (max-width: 557px) 100vw, 557px\" \/><\/p>\n<p>14\/9\/23<\/p>\n","protected":false},"excerpt":{"rendered":"<p>Avui un equip del caf\u00e8 del mat\u00ed de R\u00e0dio Arenys de Munt ha vingut a fer un directe a l&#8217;institut per con\u00e8ixer de primera m\u00e0 com han estat els primers dies de curs i per saber les principals novetats que marcaran aquest any. Hem parlat de com han anat les classes els primers dies, de [&hellip;]<\/p>\n","protected":false},"author":1,"featured_media":6867,"comment_status":"closed","ping_status":"closed","sticky":false,"template":"","format":"standard","meta":{"_bbp_topic_count":0,"_bbp_reply_count":0,"_bbp_total_topic_count":0,"_bbp_total_reply_count":0,"_bbp_voice_count":0,"_bbp_anonymous_reply_count":0,"_bbp_topic_count_hidden":0,"_bbp_reply_count_hidden":0,"_bbp_forum_subforum_count":0,"site-sidebar-layout":"default","site-content-layout":"","ast-site-content-layout":"","site-content-style":"default","site-sidebar-style":"default","ast-global-header-display":"","ast-banner-title-visibility":"","ast-main-header-display":"","ast-hfb-above-header-display":"","ast-hfb-below-header-display":"","ast-hfb-mobile-header-display":"","site-post-title":"","ast-breadcrumbs-content":"","ast-featured-img":"","footer-sml-layout":"","theme-transparent-header-meta":"","adv-header-id-meta":"","stick-header-meta":"","header-above-stick-meta":"","header-main-stick-meta":"","header-below-stick-meta":"","astra-migrate-meta-layouts":"default","ast-page-background-enabled":"default","ast-page-background-meta":{"desktop":{"background-color":"var(--ast-global-color-4)","background-image":"","background-repeat":"repeat","background-position":"center center","background-size":"auto","background-attachment":"scroll","background-type":"","background-media":"","overlay-type":"","overlay-color":"","overlay-opacity":"","overlay-gradient":""},"tablet":{"background-color":"","background-image":"","background-repeat":"repeat","background-position":"center center","background-size":"auto","background-attachment":"scroll","background-type":"","background-media":"","overlay-type":"","overlay-color":"","overlay-opacity":"","overlay-gradient":""},"mobile":{"background-color":"","background-image":"","background-repeat":"repeat","background-position":"center center","background-size":"auto","background-attachment":"scroll","background-type":"","background-media":"","overlay-type":"","overlay-color":"","overlay-opacity":"","overlay-gradient":""}},"ast-content-background-meta":{"desktop":{"background-color":"var(--ast-global-color-5)","background-image":"","background-repeat":"repeat","background-position":"center center","background-size":"auto","background-attachment":"scroll","background-type":"","background-media":"","overlay-type":"","overlay-color":"","overlay-opacity":"","overlay-gradient":""},"tablet":{"background-color":"var(--ast-global-color-5)","background-image":"","background-repeat":"repeat","background-position":"center center","background-size":"auto","background-attachment":"scroll","background-type":"","background-media":"","overlay-type":"","overlay-color":"","overlay-opacity":"","overlay-gradient":""},"mobile":{"background-color":"var(--ast-global-color-5)","background-image":"","background-repeat":"repeat","background-position":"center center","background-size":"auto","background-attachment":"scroll","background-type":"","background-media":"","overlay-type":"","overlay-color":"","overlay-opacity":"","overlay-gradient":""}},"footnotes":""},"categories":[338,29],"tags":[],"class_list":["post-6868","post","type-post","status-publish","format-standard","has-post-thumbnail","hentry","category-curs-2023-24","category-portada"],"post_mailing_queue_ids":[],"_links":{"self":[{"href":"https:\/\/agora.xtec.cat\/ies-dperramon\/wp-json\/wp\/v2\/posts\/6868","targetHints":{"allow":["GET"]}}],"collection":[{"href":"https:\/\/agora.xtec.cat\/ies-dperramon\/wp-json\/wp\/v2\/posts"}],"about":[{"href":"https:\/\/agora.xtec.cat\/ies-dperramon\/wp-json\/wp\/v2\/types\/post"}],"author":[{"embeddable":true,"href":"https:\/\/agora.xtec.cat\/ies-dperramon\/wp-json\/wp\/v2\/users\/1"}],"replies":[{"embeddable":true,"href":"https:\/\/agora.xtec.cat\/ies-dperramon\/wp-json\/wp\/v2\/comments?post=6868"}],"version-history":[{"count":2,"href":"https:\/\/agora.xtec.cat\/ies-dperramon\/wp-json\/wp\/v2\/posts\/6868\/revisions"}],"predecessor-version":[{"id":6880,"href":"https:\/\/agora.xtec.cat\/ies-dperramon\/wp-json\/wp\/v2\/posts\/6868\/revisions\/6880"}],"wp:featuredmedia":[{"embeddable":true,"href":"https:\/\/agora.xtec.cat\/ies-dperramon\/wp-json\/wp\/v2\/media\/6867"}],"wp:attachment":[{"href":"https:\/\/agora.xtec.cat\/ies-dperramon\/wp-json\/wp\/v2\/media?parent=6868"}],"wp:term":[{"taxonomy":"category","embeddable":true,"href":"https:\/\/agora.xtec.cat\/ies-dperramon\/wp-json\/wp\/v2\/categories?post=6868"},{"taxonomy":"post_tag","embeddable":true,"href":"https:\/\/agora.xtec.cat\/ies-dperramon\/wp-json\/wp\/v2\/tags?post=6868"}],"curies":[{"name":"wp","href":"https:\/\/api.w.org\/{rel}","templated":true}]}}