{"id":6648,"date":"2023-04-21T09:28:42","date_gmt":"2023-04-21T07:28:42","guid":{"rendered":"https:\/\/agora.xtec.cat\/ies-dperramon\/?p=6648"},"modified":"2023-04-21T09:31:45","modified_gmt":"2023-04-21T07:31:45","slug":"fem-mates-2023","status":"publish","type":"post","link":"https:\/\/agora.xtec.cat\/ies-dperramon\/portada\/fem-mates-2023\/","title":{"rendered":"Fem Mates 2023"},"content":{"rendered":"<p>El\u00a0<strong>dissabte 22 d&#8217;abril<\/strong>\u00a0el nostre institut acollir\u00e0 la\u00a0<strong>segona fase<\/strong>\u00a0del important certamen &#8220;<strong>Fem Mates 2023<\/strong>&#8220;.<\/p>\n<p>Participaran l&#8217;alumnat de diferents centre del nostre entorn.<\/p>\n<p>El\u00a0<strong>FEM MATEM\u00c0TIQUES<\/strong>\u00a0\u00e9s una activitat que t\u00e9 la finalitat de contribuir a desenvolupar la compet\u00e8ncia matem\u00e0tica en tot l\u2019alumnat de sis\u00e8 de Prim\u00e0ria i primer cicle de l\u2019ESO. Tamb\u00e9 permet intercanviar experi\u00e8ncies i compartir propostes per part del professorat de les diferents comarques de Catalunya. A m\u00e9s, vol sensibilitzar la societat catalana en general sobre la necessitat de millora d\u2019una educaci\u00f3 matem\u00e0tica que afavoreixi el desenvolupament personal i la integraci\u00f3 social d\u2019uns ciutadans i ciutadanes lliures i responsables.<\/p>\n<p>Esperem que tots els participants gaudeixin d&#8217;aquesta\u00a0inoblidable i engrescadora\u00a0experi\u00e8ncia<\/p>\n<p><img decoding=\"async\" src=\"https:\/\/fm.feemcat.org\/wp-content\/uploads\/2013\/10\/feemcat_2.jpg\" alt=\"Fem Cat\" width=\"150\" \/><\/p>\n<p><img decoding=\"async\" src=\"https:\/\/fm.feemcat.org\/wp-content\/uploads\/2022\/11\/LOGO-Femmatematiques-2023-1024x408.jpg\" alt=\"Femmatematiques\" width=\"150\" \/><\/p>\n<p><img decoding=\"async\" src=\"https:\/\/agora.xtec.cat\/ies-dperramon\/wp-content\/uploads\/usu947\/2013\/07\/logo-e1646766319130.png\" alt=\"Logotip entitat\" \/><\/p>\n","protected":false},"excerpt":{"rendered":"<p>El\u00a0dissabte 22 d&#8217;abril\u00a0el nostre institut acollir\u00e0 la\u00a0segona fase\u00a0del important certamen &#8220;Fem Mates 2023&#8220;. Participaran l&#8217;alumnat de diferents centre del nostre entorn. El\u00a0FEM MATEM\u00c0TIQUES\u00a0\u00e9s una activitat que t\u00e9 la finalitat de contribuir a desenvolupar la compet\u00e8ncia matem\u00e0tica en tot l\u2019alumnat de sis\u00e8 de Prim\u00e0ria i primer cicle de l\u2019ESO. Tamb\u00e9 permet intercanviar experi\u00e8ncies i compartir propostes [&hellip;]<\/p>\n","protected":false},"author":1,"featured_media":6651,"comment_status":"closed","ping_status":"closed","sticky":false,"template":"","format":"standard","meta":{"_bbp_topic_count":0,"_bbp_reply_count":0,"_bbp_total_topic_count":0,"_bbp_total_reply_count":0,"_bbp_voice_count":0,"_bbp_anonymous_reply_count":0,"_bbp_topic_count_hidden":0,"_bbp_reply_count_hidden":0,"_bbp_forum_subforum_count":0,"site-sidebar-layout":"default","site-content-layout":"","ast-site-content-layout":"","site-content-style":"default","site-sidebar-style":"default","ast-global-header-display":"","ast-banner-title-visibility":"","ast-main-header-display":"","ast-hfb-above-header-display":"","ast-hfb-below-header-display":"","ast-hfb-mobile-header-display":"","site-post-title":"","ast-breadcrumbs-content":"","ast-featured-img":"","footer-sml-layout":"","theme-transparent-header-meta":"","adv-header-id-meta":"","stick-header-meta":"","header-above-stick-meta":"","header-main-stick-meta":"","header-below-stick-meta":"","astra-migrate-meta-layouts":"default","ast-page-background-enabled":"default","ast-page-background-meta":{"desktop":{"background-color":"var(--ast-global-color-4)","background-image":"","background-repeat":"repeat","background-position":"center center","background-size":"auto","background-attachment":"scroll","background-type":"","background-media":"","overlay-type":"","overlay-color":"","overlay-opacity":"","overlay-gradient":""},"tablet":{"background-color":"","background-image":"","background-repeat":"repeat","background-position":"center center","background-size":"auto","background-attachment":"scroll","background-type":"","background-media":"","overlay-type":"","overlay-color":"","overlay-opacity":"","overlay-gradient":""},"mobile":{"background-color":"","background-image":"","background-repeat":"repeat","background-position":"center center","background-size":"auto","background-attachment":"scroll","background-type":"","background-media":"","overlay-type":"","overlay-color":"","overlay-opacity":"","overlay-gradient":""}},"ast-content-background-meta":{"desktop":{"background-color":"var(--ast-global-color-5)","background-image":"","background-repeat":"repeat","background-position":"center center","background-size":"auto","background-attachment":"scroll","background-type":"","background-media":"","overlay-type":"","overlay-color":"","overlay-opacity":"","overlay-gradient":""},"tablet":{"background-color":"var(--ast-global-color-5)","background-image":"","background-repeat":"repeat","background-position":"center center","background-size":"auto","background-attachment":"scroll","background-type":"","background-media":"","overlay-type":"","overlay-color":"","overlay-opacity":"","overlay-gradient":""},"mobile":{"background-color":"var(--ast-global-color-5)","background-image":"","background-repeat":"repeat","background-position":"center center","background-size":"auto","background-attachment":"scroll","background-type":"","background-media":"","overlay-type":"","overlay-color":"","overlay-opacity":"","overlay-gradient":""}},"footnotes":""},"categories":[328,152,29],"tags":[],"class_list":["post-6648","post","type-post","status-publish","format-standard","has-post-thumbnail","hentry","category-curs-2022-23","category-matematiques","category-portada"],"post_mailing_queue_ids":[],"_links":{"self":[{"href":"https:\/\/agora.xtec.cat\/ies-dperramon\/wp-json\/wp\/v2\/posts\/6648","targetHints":{"allow":["GET"]}}],"collection":[{"href":"https:\/\/agora.xtec.cat\/ies-dperramon\/wp-json\/wp\/v2\/posts"}],"about":[{"href":"https:\/\/agora.xtec.cat\/ies-dperramon\/wp-json\/wp\/v2\/types\/post"}],"author":[{"embeddable":true,"href":"https:\/\/agora.xtec.cat\/ies-dperramon\/wp-json\/wp\/v2\/users\/1"}],"replies":[{"embeddable":true,"href":"https:\/\/agora.xtec.cat\/ies-dperramon\/wp-json\/wp\/v2\/comments?post=6648"}],"version-history":[{"count":1,"href":"https:\/\/agora.xtec.cat\/ies-dperramon\/wp-json\/wp\/v2\/posts\/6648\/revisions"}],"predecessor-version":[{"id":6649,"href":"https:\/\/agora.xtec.cat\/ies-dperramon\/wp-json\/wp\/v2\/posts\/6648\/revisions\/6649"}],"wp:featuredmedia":[{"embeddable":true,"href":"https:\/\/agora.xtec.cat\/ies-dperramon\/wp-json\/wp\/v2\/media\/6651"}],"wp:attachment":[{"href":"https:\/\/agora.xtec.cat\/ies-dperramon\/wp-json\/wp\/v2\/media?parent=6648"}],"wp:term":[{"taxonomy":"category","embeddable":true,"href":"https:\/\/agora.xtec.cat\/ies-dperramon\/wp-json\/wp\/v2\/categories?post=6648"},{"taxonomy":"post_tag","embeddable":true,"href":"https:\/\/agora.xtec.cat\/ies-dperramon\/wp-json\/wp\/v2\/tags?post=6648"}],"curies":[{"name":"wp","href":"https:\/\/api.w.org\/{rel}","templated":true}]}}